{"id":17857,"date":"2024-09-10T08:50:56","date_gmt":"2024-09-10T08:50:56","guid":{"rendered":"https:\/\/naturfreunde-bad-emstal.de\/?p=17857"},"modified":"2025-02-13T09:43:51","modified_gmt":"2025-02-13T09:43:51","slug":"treffen-der-kochgruppe-am-21-august-2024","status":"publish","type":"post","link":"https:\/\/naturfreunde-bad-emstal.de\/?p=17857","title":{"rendered":"Treffen der Kochgruppe am 21.August 2024"},"content":{"rendered":"\n<p>In der Woche vom 19. bis 23. August 2024 fanden die Ferienspiele der Naturfreunde statt, f\u00fcr Kinder, die in den Ferien zu Hause waren.&nbsp; Am Mittwoch kochte die Kochgruppe zusammen mit den Kindern und Betreuern Pizzabr\u00f6tchen, Sp\u00e4tzle Pfanne und Orangen-Pudding.<\/p>\n\n\n\n<p>7 Kinder, die mit Begeisterung dabei waren, konnten sich aussuchen, wo sie mitkochen wollten und zeigten vollen Einsatz, sogar als es Tr\u00e4nen beim Fr\u00fchlingszwiebeln schneiden gab und diese sehr glitschig waren. Am sch\u00f6nsten sahen die Pizzabr\u00f6tchen aus und sie dufteten beim Backen wunderbar. Mit dem Orangen-Pudding h\u00e4tten wir einen ganzen Kindergarten erfreuen k\u00f6nnen. Da konnten wir Nachschl\u00e4ge bis zum Abwinken verteilen. Das Schnippeln, R\u00fchren und auch das Kochen am Herd ging sehr gut, denn Guni hatte die B\u00e4nkchen aus dem Jugendraum geholt, so dass die Kinder auch gut an die T\u00f6pfe und Pfannen kamen.<\/p>\n\n\n\n<p>Das gemeinsame Essen am gro\u00dfen Tisch im Jugendraum hat uns viel Spa\u00df gemacht und wir finden, da\u00df der Tag mit den Kindern Freude gemacht hat und die Betreuer ganze Arbeit geleistet haben.<\/p>\n\n\n\n<figure class=\"wp-block-image size-large\"><img loading=\"lazy\" decoding=\"async\" width=\"768\" height=\"1024\" src=\"https:\/\/naturfreunde-bad-emstal.de\/wp-content\/uploads\/2024\/09\/signal-2024-09-09-190747_004-768x1024.jpeg\" alt=\"\" class=\"wp-image-17858\" srcset=\"https:\/\/naturfreunde-bad-emstal.de\/wp-content\/uploads\/2024\/09\/signal-2024-09-09-190747_004-768x1024.jpeg 768w, https:\/\/naturfreunde-bad-emstal.de\/wp-content\/uploads\/2024\/09\/signal-2024-09-09-190747_004-225x300.jpeg 225w, https:\/\/naturfreunde-bad-emstal.de\/wp-content\/uploads\/2024\/09\/signal-2024-09-09-190747_004-1152x1536.jpeg 1152w, https:\/\/naturfreunde-bad-emstal.de\/wp-content\/uploads\/2024\/09\/signal-2024-09-09-190747_004.jpeg 1536w\" sizes=\"auto, (max-width: 768px) 100vw, 768px\" \/><\/figure>\n\n\n\n<figure class=\"wp-block-image size-large\"><img loading=\"lazy\" decoding=\"async\" width=\"768\" height=\"1024\" src=\"https:\/\/naturfreunde-bad-emstal.de\/wp-content\/uploads\/2024\/09\/signal-2024-09-09-190747_003-768x1024.jpeg\" alt=\"\" class=\"wp-image-17859\" srcset=\"https:\/\/naturfreunde-bad-emstal.de\/wp-content\/uploads\/2024\/09\/signal-2024-09-09-190747_003-768x1024.jpeg 768w, https:\/\/naturfreunde-bad-emstal.de\/wp-content\/uploads\/2024\/09\/signal-2024-09-09-190747_003-225x300.jpeg 225w, https:\/\/naturfreunde-bad-emstal.de\/wp-content\/uploads\/2024\/09\/signal-2024-09-09-190747_003-1152x1536.jpeg 1152w, https:\/\/naturfreunde-bad-emstal.de\/wp-content\/uploads\/2024\/09\/signal-2024-09-09-190747_003.jpeg 1536w\" sizes=\"auto, (max-width: 768px) 100vw, 768px\" \/><\/figure>\n\n\n\n<figure class=\"wp-block-image size-large\"><img loading=\"lazy\" decoding=\"async\" width=\"768\" height=\"1024\" src=\"https:\/\/naturfreunde-bad-emstal.de\/wp-content\/uploads\/2024\/09\/signal-2024-09-09-190747_002-768x1024.jpeg\" alt=\"\" class=\"wp-image-17860\" srcset=\"https:\/\/naturfreunde-bad-emstal.de\/wp-content\/uploads\/2024\/09\/signal-2024-09-09-190747_002-768x1024.jpeg 768w, https:\/\/naturfreunde-bad-emstal.de\/wp-content\/uploads\/2024\/09\/signal-2024-09-09-190747_002-225x300.jpeg 225w, https:\/\/naturfreunde-bad-emstal.de\/wp-content\/uploads\/2024\/09\/signal-2024-09-09-190747_002-1152x1536.jpeg 1152w, https:\/\/naturfreunde-bad-emstal.de\/wp-content\/uploads\/2024\/09\/signal-2024-09-09-190747_002.jpeg 1536w\" sizes=\"auto, (max-width: 768px) 100vw, 768px\" \/><\/figure>\n","protected":false},"excerpt":{"rendered":"<p>In der Woche vom 19. bis 23. August 2024 fanden die Ferienspiele der Naturfreunde statt, f\u00fcr Kinder, die in den Ferien zu Hause waren.&nbsp; Am Mittwoch kochte die Kochgruppe zusammen mit den Kindern und Betreuern Pizzabr\u00f6tchen, Sp\u00e4tzle Pfanne und Orangen-Pudding. 7 Kinder, die mit Begeisterung dabei waren, konnten sich aussuchen, wo sie mitkochen wollten und&#8230; <\/p>\n<div class=\"clear\"><\/div>\n<p><a href=\"https:\/\/naturfreunde-bad-emstal.de\/?p=17857\" class=\"excerpt-read-more\">Read More<\/a><\/p>\n","protected":false},"author":15,"featured_media":17860,"comment_status":"open","ping_status":"open","sticky":false,"template":"","format":"standard","meta":{"ngg_post_thumbnail":0,"footnotes":""},"categories":[63,79,51],"tags":[],"class_list":["post-17857","post","type-post","status-publish","format-standard","has-post-thumbnail","hentry","category-archiv","category-kochen","category-news"],"_links":{"self":[{"href":"https:\/\/naturfreunde-bad-emstal.de\/index.php?rest_route=\/wp\/v2\/posts\/17857","targetHints":{"allow":["GET"]}}],"collection":[{"href":"https:\/\/naturfreunde-bad-emstal.de\/index.php?rest_route=\/wp\/v2\/posts"}],"about":[{"href":"https:\/\/naturfreunde-bad-emstal.de\/index.php?rest_route=\/wp\/v2\/types\/post"}],"author":[{"embeddable":true,"href":"https:\/\/naturfreunde-bad-emstal.de\/index.php?rest_route=\/wp\/v2\/users\/15"}],"replies":[{"embeddable":true,"href":"https:\/\/naturfreunde-bad-emstal.de\/index.php?rest_route=%2Fwp%2Fv2%2Fcomments&post=17857"}],"version-history":[{"count":4,"href":"https:\/\/naturfreunde-bad-emstal.de\/index.php?rest_route=\/wp\/v2\/posts\/17857\/revisions"}],"predecessor-version":[{"id":18061,"href":"https:\/\/naturfreunde-bad-emstal.de\/index.php?rest_route=\/wp\/v2\/posts\/17857\/revisions\/18061"}],"wp:featuredmedia":[{"embeddable":true,"href":"https:\/\/naturfreunde-bad-emstal.de\/index.php?rest_route=\/wp\/v2\/media\/17860"}],"wp:attachment":[{"href":"https:\/\/naturfreunde-bad-emstal.de\/index.php?rest_route=%2Fwp%2Fv2%2Fmedia&parent=17857"}],"wp:term":[{"taxonomy":"category","embeddable":true,"href":"https:\/\/naturfreunde-bad-emstal.de\/index.php?rest_route=%2Fwp%2Fv2%2Fcategories&post=17857"},{"taxonomy":"post_tag","embeddable":true,"href":"https:\/\/naturfreunde-bad-emstal.de\/index.php?rest_route=%2Fwp%2Fv2%2Ftags&post=17857"}],"curies":[{"name":"wp","href":"https:\/\/api.w.org\/{rel}","templated":true}]}}