{"id":17876,"date":"2024-10-04T16:56:44","date_gmt":"2024-10-04T16:56:44","guid":{"rendered":"https:\/\/naturfreunde-bad-emstal.de\/?p=17876"},"modified":"2025-02-13T11:19:20","modified_gmt":"2025-02-13T11:19:20","slug":"treffen-der-kochgruppe-am-18-september-2024","status":"publish","type":"post","link":"https:\/\/naturfreunde-bad-emstal.de\/?p=17876","title":{"rendered":"Treffen der Kochgruppe am 18. September 2024"},"content":{"rendered":"\n<p>Zum siebten Koch-Treff in diesem Jahr kamen 3 K\u00f6chinnen und ein Koch in die K\u00fcche des Naturfreundehauses und bereiteten zu:<\/p>\n\n\n\n<p>Taboul\u00e9 nach dem Rezept der Naturfreundejugend<\/p>\n\n\n\n<p>Gef\u00fcllte Zucchini a la Gem\u00fcsehof Lehmann<\/p>\n\n\n\n<p>Solero-Dessert<\/p>\n\n\n\n<p>Den Couscous hatte von uns noch niemand zubereitet, er gelang uns aber gut und punktete durch Zugabe von Petersilie und Pfefferminzbl\u00e4ttern mit einem besonderen Geschmack. Die Zucchini, die es in diesem Sommer reichlich gab, hatten durch die F\u00fcllung mit Champignons, Fr\u00fchlingszwiebeln, Knoblauch und Frischk\u00e4se einen w\u00fcrzigen Geschmack, den das \u00dcberbacken mit Cheddar-K\u00e4se noch toppte. Absoluter Liebling war das Solero-Dessert mit Pfirsichen, gedicktem Maracuja-Saft, Joghurt und Sahne. Und das Beste war: Wir konnten das Essen vor dem Haus in der Sonne genie\u00dfen.<\/p>\n\n\n\n<p>Zum n\u00e4chsten Treffen wurde eine K\u00fcrbissuppe mit Pita und als Dessert Mousse-au-Chocolat vorgeschlagen. Das wird aber erst im November sein, weil wir im Oktober von der Seniorengruppe zum Oktoberfest eingeladen wurden und wir uns Walters Rippchen aus dem Backhaus und Ursels Sauerkraut einverleiben wollen.<\/p>\n","protected":false},"excerpt":{"rendered":"<p>Zum siebten Koch-Treff in diesem Jahr kamen 3 K\u00f6chinnen und ein Koch in die K\u00fcche des Naturfreundehauses und bereiteten zu: Taboul\u00e9 nach dem Rezept der Naturfreundejugend Gef\u00fcllte Zucchini a la Gem\u00fcsehof Lehmann Solero-Dessert Den Couscous hatte von uns noch niemand zubereitet, er gelang uns aber gut und punktete durch Zugabe von Petersilie und Pfefferminzbl\u00e4ttern mit&#8230; <\/p>\n<div class=\"clear\"><\/div>\n<p><a href=\"https:\/\/naturfreunde-bad-emstal.de\/?p=17876\" class=\"excerpt-read-more\">Read More<\/a><\/p>\n","protected":false},"author":15,"featured_media":6695,"comment_status":"open","ping_status":"open","sticky":false,"template":"","format":"standard","meta":{"ngg_post_thumbnail":0,"footnotes":""},"categories":[63,79,51],"tags":[],"class_list":["post-17876","post","type-post","status-publish","format-standard","has-post-thumbnail","hentry","category-archiv","category-kochen","category-news"],"_links":{"self":[{"href":"https:\/\/naturfreunde-bad-emstal.de\/index.php?rest_route=\/wp\/v2\/posts\/17876","targetHints":{"allow":["GET"]}}],"collection":[{"href":"https:\/\/naturfreunde-bad-emstal.de\/index.php?rest_route=\/wp\/v2\/posts"}],"about":[{"href":"https:\/\/naturfreunde-bad-emstal.de\/index.php?rest_route=\/wp\/v2\/types\/post"}],"author":[{"embeddable":true,"href":"https:\/\/naturfreunde-bad-emstal.de\/index.php?rest_route=\/wp\/v2\/users\/15"}],"replies":[{"embeddable":true,"href":"https:\/\/naturfreunde-bad-emstal.de\/index.php?rest_route=%2Fwp%2Fv2%2Fcomments&post=17876"}],"version-history":[{"count":5,"href":"https:\/\/naturfreunde-bad-emstal.de\/index.php?rest_route=\/wp\/v2\/posts\/17876\/revisions"}],"predecessor-version":[{"id":18068,"href":"https:\/\/naturfreunde-bad-emstal.de\/index.php?rest_route=\/wp\/v2\/posts\/17876\/revisions\/18068"}],"wp:featuredmedia":[{"embeddable":true,"href":"https:\/\/naturfreunde-bad-emstal.de\/index.php?rest_route=\/wp\/v2\/media\/6695"}],"wp:attachment":[{"href":"https:\/\/naturfreunde-bad-emstal.de\/index.php?rest_route=%2Fwp%2Fv2%2Fmedia&parent=17876"}],"wp:term":[{"taxonomy":"category","embeddable":true,"href":"https:\/\/naturfreunde-bad-emstal.de\/index.php?rest_route=%2Fwp%2Fv2%2Fcategories&post=17876"},{"taxonomy":"post_tag","embeddable":true,"href":"https:\/\/naturfreunde-bad-emstal.de\/index.php?rest_route=%2Fwp%2Fv2%2Ftags&post=17876"}],"curies":[{"name":"wp","href":"https:\/\/api.w.org\/{rel}","templated":true}]}}