{"id":17890,"date":"2024-10-18T15:20:07","date_gmt":"2024-10-18T15:20:07","guid":{"rendered":"https:\/\/naturfreunde-bad-emstal.de\/?p=17890"},"modified":"2024-10-19T15:50:39","modified_gmt":"2024-10-19T15:50:39","slug":"elsa-durfte-das-neue-spielschiff-in-bad-emstal-taufen","status":"publish","type":"post","link":"https:\/\/naturfreunde-bad-emstal.de\/?p=17890","title":{"rendered":"Elsa durfte das neue Spielschiff in Bad Emstal taufen. Ein Bericht in der HNA"},"content":{"rendered":"\n<p>Endlich gibt es auf dem Spielplatz der Naturfreunde in Bad Emstal wieder ein Spielschiff. Dank Elsa Krafft (links), die bei der Schiffstaufe von ihrer Schwester Ruth unterst\u00fctzt wurde, tr\u00e4gt es nun auch einen Namen: \u201eFreundschaft\u201c. Erm\u00f6glicht wurde die Anschaffung mit Mitteln des EU-F\u00f6rderprogramms Leader und dem Regionalbudget. brk <em>Foto: Michael Br\u00fcckmann<\/em><\/p>\n\n\n\n<figure class=\"wp-block-image size-full\"><img loading=\"lazy\" decoding=\"async\" width=\"700\" height=\"617\" src=\"https:\/\/naturfreunde-bad-emstal.de\/wp-content\/uploads\/2024\/10\/25643e85-81ab-4678-baa5-73bf52b2b9dc.jpg\" alt=\"\" class=\"wp-image-17891\" srcset=\"https:\/\/naturfreunde-bad-emstal.de\/wp-content\/uploads\/2024\/10\/25643e85-81ab-4678-baa5-73bf52b2b9dc.jpg 700w, https:\/\/naturfreunde-bad-emstal.de\/wp-content\/uploads\/2024\/10\/25643e85-81ab-4678-baa5-73bf52b2b9dc-300x264.jpg 300w\" sizes=\"auto, (max-width: 700px) 100vw, 700px\" \/><\/figure>\n\n\n\n<p><\/p>\n\n\n<a href=\"https:\/\/naturfreunde-bad-emstal.de\/wp-content\/uploads\/2024\/10\/Wolfhager-Allgemeine-18.10.20245-1.pdf\" class=\"pdfemb-viewer\" style=\"\" data-width=\"max\" data-height=\"max\" data-toolbar=\"bottom\" data-toolbar-fixed=\"off\">Wolfhager-Allgemeine-18.10.20245-1<\/a>\n<p class=\"wp-block-pdfemb-pdf-embedder-viewer\"><\/p>\n","protected":false},"excerpt":{"rendered":"<p>Endlich gibt es auf dem Spielplatz der Naturfreunde in Bad Emstal wieder ein Spielschiff. Dank Elsa Krafft (links), die bei der Schiffstaufe von ihrer Schwester Ruth unterst\u00fctzt wurde, tr\u00e4gt es nun auch einen Namen: \u201eFreundschaft\u201c. Erm\u00f6glicht wurde die Anschaffung mit Mitteln des EU-F\u00f6rderprogramms Leader und dem Regionalbudget. brk Foto: Michael Br\u00fcckmann<\/p>\n","protected":false},"author":20,"featured_media":17891,"comment_status":"open","ping_status":"open","sticky":false,"template":"","format":"standard","meta":{"ngg_post_thumbnail":0,"footnotes":""},"categories":[63,78,51,77],"tags":[],"class_list":["post-17890","post","type-post","status-publish","format-standard","has-post-thumbnail","hentry","category-archiv","category-kindergruppen","category-news","category-spielplatz"],"_links":{"self":[{"href":"https:\/\/naturfreunde-bad-emstal.de\/index.php?rest_route=\/wp\/v2\/posts\/17890","targetHints":{"allow":["GET"]}}],"collection":[{"href":"https:\/\/naturfreunde-bad-emstal.de\/index.php?rest_route=\/wp\/v2\/posts"}],"about":[{"href":"https:\/\/naturfreunde-bad-emstal.de\/index.php?rest_route=\/wp\/v2\/types\/post"}],"author":[{"embeddable":true,"href":"https:\/\/naturfreunde-bad-emstal.de\/index.php?rest_route=\/wp\/v2\/users\/20"}],"replies":[{"embeddable":true,"href":"https:\/\/naturfreunde-bad-emstal.de\/index.php?rest_route=%2Fwp%2Fv2%2Fcomments&post=17890"}],"version-history":[{"count":5,"href":"https:\/\/naturfreunde-bad-emstal.de\/index.php?rest_route=\/wp\/v2\/posts\/17890\/revisions"}],"predecessor-version":[{"id":17901,"href":"https:\/\/naturfreunde-bad-emstal.de\/index.php?rest_route=\/wp\/v2\/posts\/17890\/revisions\/17901"}],"wp:featuredmedia":[{"embeddable":true,"href":"https:\/\/naturfreunde-bad-emstal.de\/index.php?rest_route=\/wp\/v2\/media\/17891"}],"wp:attachment":[{"href":"https:\/\/naturfreunde-bad-emstal.de\/index.php?rest_route=%2Fwp%2Fv2%2Fmedia&parent=17890"}],"wp:term":[{"taxonomy":"category","embeddable":true,"href":"https:\/\/naturfreunde-bad-emstal.de\/index.php?rest_route=%2Fwp%2Fv2%2Fcategories&post=17890"},{"taxonomy":"post_tag","embeddable":true,"href":"https:\/\/naturfreunde-bad-emstal.de\/index.php?rest_route=%2Fwp%2Fv2%2Ftags&post=17890"}],"curies":[{"name":"wp","href":"https:\/\/api.w.org\/{rel}","templated":true}]}}