{"id":17909,"date":"2024-10-20T16:37:01","date_gmt":"2024-10-20T16:37:01","guid":{"rendered":"https:\/\/naturfreunde-bad-emstal.de\/?p=17909"},"modified":"2024-10-21T08:39:59","modified_gmt":"2024-10-21T08:39:59","slug":"oktoberfest-der-seniorinnen-und-senioren-am-9-oktober-2024","status":"publish","type":"post","link":"https:\/\/naturfreunde-bad-emstal.de\/?p=17909","title":{"rendered":"<strong>Oktoberfest<\/strong>\u00a0<strong>der Seniorinnen und Senioren am 9. Oktober 2024<\/strong>"},"content":{"rendered":"\n<p>Zum traditionellen Oktoberfest der Senior*innengruppe der Naturfreunde Bad Emstal waren 45 Besucherinnen und Besucher anwesend und wurden von einem lustigen K\u00fcrbiskopf am Naturfreundehaus empfangen. Die G\u00e4ste vom ASB Wohnen und die Senior*innengruppe Balhorn feierten mit uns gemeinsam. Wie immer wurden viele Frauen und M\u00e4nner durch Rudi mit dem B\u00fcrgerbus gefahren.<\/p>\n\n\n\n<p>Ursel Engel hatte Brezeln besorgt und Sauerkraut gekocht, Walter Brixel bereitete uns Dicke Rippe und Sch\u00e4ufele im Backhaus zu. Es gab zwar kein Ma\u00df, aber leckeres alkoholfreies Bier wurde zum deftigen Schmaus gern genommen.<\/p>\n\n\n\n<p>Durch unser gemeinsames Singen von Volksliedern und Naturfreundeliedern erleben wir ein Gemeinschaftsgef\u00fchl was von Reinhold Kimm und Rudi B\u00f6hm musikalisch unterst\u00fctzt wird.<\/p>\n\n\n\n<p>Ohne die vielen helfenden H\u00e4nde w\u00e4re diese Feier nicht m\u00f6glich gewesen, darunter auch die Kochgruppe der Naturfreunde Bad Emstal.<\/p>\n\n\n\n<p>Wir sagen: Herzlichen Dank daf\u00fcr!<\/p>\n\n\n\n<figure class=\"wp-block-image size-large\"><img loading=\"lazy\" decoding=\"async\" width=\"485\" height=\"1024\" src=\"https:\/\/naturfreunde-bad-emstal.de\/wp-content\/uploads\/2024\/10\/20241009_164142-485x1024.jpg\" alt=\"\" class=\"wp-image-17910\" srcset=\"https:\/\/naturfreunde-bad-emstal.de\/wp-content\/uploads\/2024\/10\/20241009_164142-485x1024.jpg 485w, https:\/\/naturfreunde-bad-emstal.de\/wp-content\/uploads\/2024\/10\/20241009_164142-142x300.jpg 142w, https:\/\/naturfreunde-bad-emstal.de\/wp-content\/uploads\/2024\/10\/20241009_164142-768x1623.jpg 768w, https:\/\/naturfreunde-bad-emstal.de\/wp-content\/uploads\/2024\/10\/20241009_164142-727x1536.jpg 727w, https:\/\/naturfreunde-bad-emstal.de\/wp-content\/uploads\/2024\/10\/20241009_164142-969x2048.jpg 969w, https:\/\/naturfreunde-bad-emstal.de\/wp-content\/uploads\/2024\/10\/20241009_164142-scaled.jpg 1211w\" sizes=\"auto, (max-width: 485px) 100vw, 485px\" \/><\/figure>\n\n\n\n<figure class=\"wp-block-image size-large\"><img loading=\"lazy\" decoding=\"async\" width=\"485\" height=\"1024\" src=\"https:\/\/naturfreunde-bad-emstal.de\/wp-content\/uploads\/2024\/10\/20241009_164151-485x1024.jpg\" alt=\"\" class=\"wp-image-17911\" srcset=\"https:\/\/naturfreunde-bad-emstal.de\/wp-content\/uploads\/2024\/10\/20241009_164151-485x1024.jpg 485w, https:\/\/naturfreunde-bad-emstal.de\/wp-content\/uploads\/2024\/10\/20241009_164151-142x300.jpg 142w, https:\/\/naturfreunde-bad-emstal.de\/wp-content\/uploads\/2024\/10\/20241009_164151-768x1620.jpg 768w, https:\/\/naturfreunde-bad-emstal.de\/wp-content\/uploads\/2024\/10\/20241009_164151-728x1536.jpg 728w, https:\/\/naturfreunde-bad-emstal.de\/wp-content\/uploads\/2024\/10\/20241009_164151-971x2048.jpg 971w, https:\/\/naturfreunde-bad-emstal.de\/wp-content\/uploads\/2024\/10\/20241009_164151-scaled.jpg 1213w\" sizes=\"auto, (max-width: 485px) 100vw, 485px\" \/><\/figure>\n\n\n\n<figure class=\"wp-block-image size-large\"><img loading=\"lazy\" decoding=\"async\" width=\"1024\" height=\"485\" src=\"https:\/\/naturfreunde-bad-emstal.de\/wp-content\/uploads\/2024\/10\/20241009_164212-1024x485.jpg\" alt=\"\" class=\"wp-image-17912\" srcset=\"https:\/\/naturfreunde-bad-emstal.de\/wp-content\/uploads\/2024\/10\/20241009_164212-1024x485.jpg 1024w, https:\/\/naturfreunde-bad-emstal.de\/wp-content\/uploads\/2024\/10\/20241009_164212-300x142.jpg 300w, https:\/\/naturfreunde-bad-emstal.de\/wp-content\/uploads\/2024\/10\/20241009_164212-768x364.jpg 768w, https:\/\/naturfreunde-bad-emstal.de\/wp-content\/uploads\/2024\/10\/20241009_164212-1536x728.jpg 1536w, https:\/\/naturfreunde-bad-emstal.de\/wp-content\/uploads\/2024\/10\/20241009_164212-2048x971.jpg 2048w\" sizes=\"auto, (max-width: 1024px) 100vw, 1024px\" \/><\/figure>\n\n\n\n<figure class=\"wp-block-image size-large\"><img loading=\"lazy\" decoding=\"async\" width=\"1024\" height=\"485\" src=\"https:\/\/naturfreunde-bad-emstal.de\/wp-content\/uploads\/2024\/10\/20241009_164302-1024x485.jpg\" alt=\"\" class=\"wp-image-17913\" srcset=\"https:\/\/naturfreunde-bad-emstal.de\/wp-content\/uploads\/2024\/10\/20241009_164302-1024x485.jpg 1024w, https:\/\/naturfreunde-bad-emstal.de\/wp-content\/uploads\/2024\/10\/20241009_164302-300x142.jpg 300w, https:\/\/naturfreunde-bad-emstal.de\/wp-content\/uploads\/2024\/10\/20241009_164302-768x364.jpg 768w, https:\/\/naturfreunde-bad-emstal.de\/wp-content\/uploads\/2024\/10\/20241009_164302-1536x728.jpg 1536w, https:\/\/naturfreunde-bad-emstal.de\/wp-content\/uploads\/2024\/10\/20241009_164302-2048x971.jpg 2048w\" sizes=\"auto, (max-width: 1024px) 100vw, 1024px\" \/><\/figure>\n\n\n\n<figure class=\"wp-block-image size-large\"><img loading=\"lazy\" decoding=\"async\" width=\"485\" height=\"1024\" src=\"https:\/\/naturfreunde-bad-emstal.de\/wp-content\/uploads\/2024\/10\/20241009_164513-485x1024.jpg\" alt=\"\" class=\"wp-image-17914\" srcset=\"https:\/\/naturfreunde-bad-emstal.de\/wp-content\/uploads\/2024\/10\/20241009_164513-485x1024.jpg 485w, https:\/\/naturfreunde-bad-emstal.de\/wp-content\/uploads\/2024\/10\/20241009_164513-142x300.jpg 142w, https:\/\/naturfreunde-bad-emstal.de\/wp-content\/uploads\/2024\/10\/20241009_164513-768x1623.jpg 768w, https:\/\/naturfreunde-bad-emstal.de\/wp-content\/uploads\/2024\/10\/20241009_164513-727x1536.jpg 727w, https:\/\/naturfreunde-bad-emstal.de\/wp-content\/uploads\/2024\/10\/20241009_164513-969x2048.jpg 969w, https:\/\/naturfreunde-bad-emstal.de\/wp-content\/uploads\/2024\/10\/20241009_164513-scaled.jpg 1211w\" sizes=\"auto, (max-width: 485px) 100vw, 485px\" \/><\/figure>\n\n\n\n<figure class=\"wp-block-image size-large\"><img loading=\"lazy\" decoding=\"async\" width=\"485\" height=\"1024\" src=\"https:\/\/naturfreunde-bad-emstal.de\/wp-content\/uploads\/2024\/10\/20241009_164526-485x1024.jpg\" alt=\"\" class=\"wp-image-17915\" srcset=\"https:\/\/naturfreunde-bad-emstal.de\/wp-content\/uploads\/2024\/10\/20241009_164526-485x1024.jpg 485w, https:\/\/naturfreunde-bad-emstal.de\/wp-content\/uploads\/2024\/10\/20241009_164526-142x300.jpg 142w, https:\/\/naturfreunde-bad-emstal.de\/wp-content\/uploads\/2024\/10\/20241009_164526-768x1623.jpg 768w, https:\/\/naturfreunde-bad-emstal.de\/wp-content\/uploads\/2024\/10\/20241009_164526-727x1536.jpg 727w, https:\/\/naturfreunde-bad-emstal.de\/wp-content\/uploads\/2024\/10\/20241009_164526-969x2048.jpg 969w, https:\/\/naturfreunde-bad-emstal.de\/wp-content\/uploads\/2024\/10\/20241009_164526-scaled.jpg 1211w\" sizes=\"auto, (max-width: 485px) 100vw, 485px\" \/><\/figure>\n\n\n\n<figure class=\"wp-block-image size-large\"><img loading=\"lazy\" decoding=\"async\" width=\"1024\" height=\"485\" src=\"https:\/\/naturfreunde-bad-emstal.de\/wp-content\/uploads\/2024\/10\/20241009_164814-1024x485.jpg\" alt=\"\" class=\"wp-image-17916\" srcset=\"https:\/\/naturfreunde-bad-emstal.de\/wp-content\/uploads\/2024\/10\/20241009_164814-1024x485.jpg 1024w, https:\/\/naturfreunde-bad-emstal.de\/wp-content\/uploads\/2024\/10\/20241009_164814-300x142.jpg 300w, https:\/\/naturfreunde-bad-emstal.de\/wp-content\/uploads\/2024\/10\/20241009_164814-768x363.jpg 768w, https:\/\/naturfreunde-bad-emstal.de\/wp-content\/uploads\/2024\/10\/20241009_164814-1536x727.jpg 1536w, https:\/\/naturfreunde-bad-emstal.de\/wp-content\/uploads\/2024\/10\/20241009_164814-2048x969.jpg 2048w\" sizes=\"auto, (max-width: 1024px) 100vw, 1024px\" \/><\/figure>\n\n\n\n<figure class=\"wp-block-image size-large\"><img loading=\"lazy\" decoding=\"async\" width=\"485\" height=\"1024\" src=\"https:\/\/naturfreunde-bad-emstal.de\/wp-content\/uploads\/2024\/10\/20241009_164906-485x1024.jpg\" alt=\"\" class=\"wp-image-17917\" srcset=\"https:\/\/naturfreunde-bad-emstal.de\/wp-content\/uploads\/2024\/10\/20241009_164906-485x1024.jpg 485w, https:\/\/naturfreunde-bad-emstal.de\/wp-content\/uploads\/2024\/10\/20241009_164906-142x300.jpg 142w, https:\/\/naturfreunde-bad-emstal.de\/wp-content\/uploads\/2024\/10\/20241009_164906-768x1623.jpg 768w, https:\/\/naturfreunde-bad-emstal.de\/wp-content\/uploads\/2024\/10\/20241009_164906-727x1536.jpg 727w, https:\/\/naturfreunde-bad-emstal.de\/wp-content\/uploads\/2024\/10\/20241009_164906-969x2048.jpg 969w, https:\/\/naturfreunde-bad-emstal.de\/wp-content\/uploads\/2024\/10\/20241009_164906-scaled.jpg 1211w\" sizes=\"auto, (max-width: 485px) 100vw, 485px\" \/><\/figure>\n","protected":false},"excerpt":{"rendered":"<p>Zum traditionellen Oktoberfest der Senior*innengruppe der Naturfreunde Bad Emstal waren 45 Besucherinnen und Besucher anwesend und wurden von einem lustigen K\u00fcrbiskopf am Naturfreundehaus empfangen. Die G\u00e4ste vom ASB Wohnen und die Senior*innengruppe Balhorn feierten mit uns gemeinsam. Wie immer wurden viele Frauen und M\u00e4nner durch Rudi mit dem B\u00fcrgerbus gefahren. Ursel Engel hatte Brezeln besorgt&#8230; <\/p>\n<div class=\"clear\"><\/div>\n<p><a href=\"https:\/\/naturfreunde-bad-emstal.de\/?p=17909\" class=\"excerpt-read-more\">Read More<\/a><\/p>\n","protected":false},"author":19,"featured_media":17917,"comment_status":"open","ping_status":"open","sticky":false,"template":"","format":"standard","meta":{"ngg_post_thumbnail":0,"footnotes":""},"categories":[63,51,81],"tags":[],"class_list":["post-17909","post","type-post","status-publish","format-standard","has-post-thumbnail","hentry","category-archiv","category-news","category-senioren"],"_links":{"self":[{"href":"https:\/\/naturfreunde-bad-emstal.de\/index.php?rest_route=\/wp\/v2\/posts\/17909","targetHints":{"allow":["GET"]}}],"collection":[{"href":"https:\/\/naturfreunde-bad-emstal.de\/index.php?rest_route=\/wp\/v2\/posts"}],"about":[{"href":"https:\/\/naturfreunde-bad-emstal.de\/index.php?rest_route=\/wp\/v2\/types\/post"}],"author":[{"embeddable":true,"href":"https:\/\/naturfreunde-bad-emstal.de\/index.php?rest_route=\/wp\/v2\/users\/19"}],"replies":[{"embeddable":true,"href":"https:\/\/naturfreunde-bad-emstal.de\/index.php?rest_route=%2Fwp%2Fv2%2Fcomments&post=17909"}],"version-history":[{"count":3,"href":"https:\/\/naturfreunde-bad-emstal.de\/index.php?rest_route=\/wp\/v2\/posts\/17909\/revisions"}],"predecessor-version":[{"id":17921,"href":"https:\/\/naturfreunde-bad-emstal.de\/index.php?rest_route=\/wp\/v2\/posts\/17909\/revisions\/17921"}],"wp:featuredmedia":[{"embeddable":true,"href":"https:\/\/naturfreunde-bad-emstal.de\/index.php?rest_route=\/wp\/v2\/media\/17917"}],"wp:attachment":[{"href":"https:\/\/naturfreunde-bad-emstal.de\/index.php?rest_route=%2Fwp%2Fv2%2Fmedia&parent=17909"}],"wp:term":[{"taxonomy":"category","embeddable":true,"href":"https:\/\/naturfreunde-bad-emstal.de\/index.php?rest_route=%2Fwp%2Fv2%2Fcategories&post=17909"},{"taxonomy":"post_tag","embeddable":true,"href":"https:\/\/naturfreunde-bad-emstal.de\/index.php?rest_route=%2Fwp%2Fv2%2Ftags&post=17909"}],"curies":[{"name":"wp","href":"https:\/\/api.w.org\/{rel}","templated":true}]}}