{"id":17960,"date":"2024-12-11T17:30:20","date_gmt":"2024-12-11T17:30:20","guid":{"rendered":"https:\/\/naturfreunde-bad-emstal.de\/?p=17960"},"modified":"2024-12-15T17:50:36","modified_gmt":"2024-12-15T17:50:36","slug":"kinderwanderung-mit-ziegen","status":"publish","type":"post","link":"https:\/\/naturfreunde-bad-emstal.de\/?p=17960","title":{"rendered":"Kinderwanderung mit Ziegen"},"content":{"rendered":"\n<p>Am 2. Adventssonntag hat Tom mit Kindern und Eltern im Wald am Naturfreundehaus eine kleine Wanderung unternommen. Die Kinder wollten gerne die Ziegen mitnehmen, so sind Gitti und Lotte  fr\u00f6hlich mitgelaufen und haben ausgiebig die Chance genutzt, restliches Gr\u00fcn am Wegesrand ab zu rupfen. Im Anschluss der Wanderung wurden selbstgebackene Kekse probiert und mit Kinderpunsch und Gl\u00fchwein f\u00fcr die Eltern die kalten Finger wieder angew\u00e4rmt. Und Marshmallows \u00fcber dem Feuer in der Feuerh\u00fctte geschmolzen.<\/p>\n\n\n\n<figure class=\"wp-block-image size-large\"><img loading=\"lazy\" decoding=\"async\" width=\"485\" height=\"1024\" src=\"https:\/\/naturfreunde-bad-emstal.de\/wp-content\/uploads\/2024\/12\/20241208_170722-485x1024.jpg\" alt=\"\" class=\"wp-image-17957\" srcset=\"https:\/\/naturfreunde-bad-emstal.de\/wp-content\/uploads\/2024\/12\/20241208_170722-485x1024.jpg 485w, https:\/\/naturfreunde-bad-emstal.de\/wp-content\/uploads\/2024\/12\/20241208_170722-142x300.jpg 142w, https:\/\/naturfreunde-bad-emstal.de\/wp-content\/uploads\/2024\/12\/20241208_170722-768x1620.jpg 768w, https:\/\/naturfreunde-bad-emstal.de\/wp-content\/uploads\/2024\/12\/20241208_170722-728x1536.jpg 728w, https:\/\/naturfreunde-bad-emstal.de\/wp-content\/uploads\/2024\/12\/20241208_170722-971x2048.jpg 971w, https:\/\/naturfreunde-bad-emstal.de\/wp-content\/uploads\/2024\/12\/20241208_170722-scaled.jpg 1213w\" sizes=\"auto, (max-width: 485px) 100vw, 485px\" \/><\/figure>\n\n\n\n<figure class=\"wp-block-image size-large\"><img loading=\"lazy\" decoding=\"async\" width=\"485\" height=\"1024\" src=\"https:\/\/naturfreunde-bad-emstal.de\/wp-content\/uploads\/2024\/12\/20241208_170353-485x1024.jpg\" alt=\"\" class=\"wp-image-17959\" srcset=\"https:\/\/naturfreunde-bad-emstal.de\/wp-content\/uploads\/2024\/12\/20241208_170353-485x1024.jpg 485w, https:\/\/naturfreunde-bad-emstal.de\/wp-content\/uploads\/2024\/12\/20241208_170353-142x300.jpg 142w, https:\/\/naturfreunde-bad-emstal.de\/wp-content\/uploads\/2024\/12\/20241208_170353-768x1620.jpg 768w, https:\/\/naturfreunde-bad-emstal.de\/wp-content\/uploads\/2024\/12\/20241208_170353-728x1536.jpg 728w, https:\/\/naturfreunde-bad-emstal.de\/wp-content\/uploads\/2024\/12\/20241208_170353-971x2048.jpg 971w, https:\/\/naturfreunde-bad-emstal.de\/wp-content\/uploads\/2024\/12\/20241208_170353-scaled.jpg 1213w\" sizes=\"auto, (max-width: 485px) 100vw, 485px\" \/><\/figure>\n\n\n\n<figure class=\"wp-block-image size-large\"><img loading=\"lazy\" decoding=\"async\" width=\"485\" height=\"1024\" src=\"https:\/\/naturfreunde-bad-emstal.de\/wp-content\/uploads\/2024\/12\/20241208_160540-485x1024.jpg\" alt=\"\" class=\"wp-image-17952\" srcset=\"https:\/\/naturfreunde-bad-emstal.de\/wp-content\/uploads\/2024\/12\/20241208_160540-485x1024.jpg 485w, https:\/\/naturfreunde-bad-emstal.de\/wp-content\/uploads\/2024\/12\/20241208_160540-142x300.jpg 142w, https:\/\/naturfreunde-bad-emstal.de\/wp-content\/uploads\/2024\/12\/20241208_160540-768x1623.jpg 768w, https:\/\/naturfreunde-bad-emstal.de\/wp-content\/uploads\/2024\/12\/20241208_160540-727x1536.jpg 727w, https:\/\/naturfreunde-bad-emstal.de\/wp-content\/uploads\/2024\/12\/20241208_160540-969x2048.jpg 969w, https:\/\/naturfreunde-bad-emstal.de\/wp-content\/uploads\/2024\/12\/20241208_160540-scaled.jpg 1211w\" sizes=\"auto, (max-width: 485px) 100vw, 485px\" \/><\/figure>\n\n\n\n<figure class=\"wp-block-image size-large\"><img loading=\"lazy\" decoding=\"async\" width=\"485\" height=\"1024\" src=\"https:\/\/naturfreunde-bad-emstal.de\/wp-content\/uploads\/2024\/12\/20241208_164045-485x1024.jpg\" alt=\"\" class=\"wp-image-17955\" srcset=\"https:\/\/naturfreunde-bad-emstal.de\/wp-content\/uploads\/2024\/12\/20241208_164045-485x1024.jpg 485w, https:\/\/naturfreunde-bad-emstal.de\/wp-content\/uploads\/2024\/12\/20241208_164045-142x300.jpg 142w, https:\/\/naturfreunde-bad-emstal.de\/wp-content\/uploads\/2024\/12\/20241208_164045-768x1623.jpg 768w, https:\/\/naturfreunde-bad-emstal.de\/wp-content\/uploads\/2024\/12\/20241208_164045-727x1536.jpg 727w, https:\/\/naturfreunde-bad-emstal.de\/wp-content\/uploads\/2024\/12\/20241208_164045-969x2048.jpg 969w, https:\/\/naturfreunde-bad-emstal.de\/wp-content\/uploads\/2024\/12\/20241208_164045-scaled.jpg 1211w\" sizes=\"auto, (max-width: 485px) 100vw, 485px\" \/><\/figure>\n\n\n\n<figure class=\"wp-block-image size-large\"><img loading=\"lazy\" decoding=\"async\" width=\"1024\" height=\"485\" src=\"https:\/\/naturfreunde-bad-emstal.de\/wp-content\/uploads\/2024\/12\/20241208_160729-1024x485.jpg\" alt=\"\" class=\"wp-image-17953\" srcset=\"https:\/\/naturfreunde-bad-emstal.de\/wp-content\/uploads\/2024\/12\/20241208_160729-1024x485.jpg 1024w, https:\/\/naturfreunde-bad-emstal.de\/wp-content\/uploads\/2024\/12\/20241208_160729-300x142.jpg 300w, https:\/\/naturfreunde-bad-emstal.de\/wp-content\/uploads\/2024\/12\/20241208_160729-768x363.jpg 768w, https:\/\/naturfreunde-bad-emstal.de\/wp-content\/uploads\/2024\/12\/20241208_160729-1536x727.jpg 1536w, https:\/\/naturfreunde-bad-emstal.de\/wp-content\/uploads\/2024\/12\/20241208_160729-2048x969.jpg 2048w\" sizes=\"auto, (max-width: 1024px) 100vw, 1024px\" \/><\/figure>\n","protected":false},"excerpt":{"rendered":"<p>Am 2. Adventssonntag hat Tom mit Kindern und Eltern im Wald am Naturfreundehaus eine kleine Wanderung unternommen. Die Kinder wollten gerne die Ziegen mitnehmen, so sind Gitti und Lotte fr\u00f6hlich mitgelaufen und haben ausgiebig die Chance genutzt, restliches Gr\u00fcn am Wegesrand ab zu rupfen. Im Anschluss der Wanderung wurden selbstgebackene Kekse probiert und mit Kinderpunsch&#8230; <\/p>\n<div class=\"clear\"><\/div>\n<p><a href=\"https:\/\/naturfreunde-bad-emstal.de\/?p=17960\" class=\"excerpt-read-more\">Read More<\/a><\/p>\n","protected":false},"author":8,"featured_media":17957,"comment_status":"open","ping_status":"open","sticky":false,"template":"","format":"standard","meta":{"ngg_post_thumbnail":0,"footnotes":""},"categories":[63,78,51],"tags":[],"class_list":["post-17960","post","type-post","status-publish","format-standard","has-post-thumbnail","hentry","category-archiv","category-kindergruppen","category-news"],"_links":{"self":[{"href":"https:\/\/naturfreunde-bad-emstal.de\/index.php?rest_route=\/wp\/v2\/posts\/17960","targetHints":{"allow":["GET"]}}],"collection":[{"href":"https:\/\/naturfreunde-bad-emstal.de\/index.php?rest_route=\/wp\/v2\/posts"}],"about":[{"href":"https:\/\/naturfreunde-bad-emstal.de\/index.php?rest_route=\/wp\/v2\/types\/post"}],"author":[{"embeddable":true,"href":"https:\/\/naturfreunde-bad-emstal.de\/index.php?rest_route=\/wp\/v2\/users\/8"}],"replies":[{"embeddable":true,"href":"https:\/\/naturfreunde-bad-emstal.de\/index.php?rest_route=%2Fwp%2Fv2%2Fcomments&post=17960"}],"version-history":[{"count":5,"href":"https:\/\/naturfreunde-bad-emstal.de\/index.php?rest_route=\/wp\/v2\/posts\/17960\/revisions"}],"predecessor-version":[{"id":17971,"href":"https:\/\/naturfreunde-bad-emstal.de\/index.php?rest_route=\/wp\/v2\/posts\/17960\/revisions\/17971"}],"wp:featuredmedia":[{"embeddable":true,"href":"https:\/\/naturfreunde-bad-emstal.de\/index.php?rest_route=\/wp\/v2\/media\/17957"}],"wp:attachment":[{"href":"https:\/\/naturfreunde-bad-emstal.de\/index.php?rest_route=%2Fwp%2Fv2%2Fmedia&parent=17960"}],"wp:term":[{"taxonomy":"category","embeddable":true,"href":"https:\/\/naturfreunde-bad-emstal.de\/index.php?rest_route=%2Fwp%2Fv2%2Fcategories&post=17960"},{"taxonomy":"post_tag","embeddable":true,"href":"https:\/\/naturfreunde-bad-emstal.de\/index.php?rest_route=%2Fwp%2Fv2%2Ftags&post=17960"}],"curies":[{"name":"wp","href":"https:\/\/api.w.org\/{rel}","templated":true}]}}