{"id":18008,"date":"2025-02-05T17:00:52","date_gmt":"2025-02-05T17:00:52","guid":{"rendered":"https:\/\/naturfreunde-bad-emstal.de\/?p=18008"},"modified":"2025-03-12T08:48:12","modified_gmt":"2025-03-12T08:48:12","slug":"neujahrsempfang-der-senioren-am-08-01-2025","status":"publish","type":"post","link":"https:\/\/naturfreunde-bad-emstal.de\/?p=18008","title":{"rendered":"Neujahrsempfang der Senioren am 08.01.2025"},"content":{"rendered":"\n<p>Die Senior*innengruppe hatte zum Neujahrsempfang eingeladen. Barbara Huske-B\u00f6ttchers (2. Vorsitzende) begr\u00fc\u00dfte die anwesenden G\u00e4ste. Bei H\u00e4ppchen (zubereitet mit Unterst\u00fctzung von Andre Engel \u2013 vielen Dank daf\u00fcr!) und Sekt wurde sich zun\u00e4chst ausgetauscht. Erika Ochse und Erika Auler lasen uns Geschichten zum neuen Jahr. Ein Leseexemplar unseres Erz\u00e4hlcaf\u00e9s \u201ePlauderei\u201c wurde vorgestellt und einige Korrekturen vorgenommen. Zum Abschluss spielten Reinhold und Rudi f\u00fcr uns auf und wir gingen bereichert nach Hause.<\/p>\n\n\n\n<p>F\u00fcr die Seniorinnen und Senioren der NF-Bad Emstal &#8211; Berg frei!<\/p>\n\n\n\n<p>Ursel Engel, Petra Gerlach<\/p>\n\n\n\n<figure class=\"wp-block-image size-large\"><img loading=\"lazy\" decoding=\"async\" width=\"1024\" height=\"768\" src=\"https:\/\/naturfreunde-bad-emstal.de\/wp-content\/uploads\/2025\/02\/20250108_164246-1024x768.jpg\" alt=\"\" class=\"wp-image-18009\" srcset=\"https:\/\/naturfreunde-bad-emstal.de\/wp-content\/uploads\/2025\/02\/20250108_164246-1024x768.jpg 1024w, https:\/\/naturfreunde-bad-emstal.de\/wp-content\/uploads\/2025\/02\/20250108_164246-300x225.jpg 300w, https:\/\/naturfreunde-bad-emstal.de\/wp-content\/uploads\/2025\/02\/20250108_164246-768x576.jpg 768w, https:\/\/naturfreunde-bad-emstal.de\/wp-content\/uploads\/2025\/02\/20250108_164246-1536x1152.jpg 1536w, https:\/\/naturfreunde-bad-emstal.de\/wp-content\/uploads\/2025\/02\/20250108_164246-2048x1536.jpg 2048w, https:\/\/naturfreunde-bad-emstal.de\/wp-content\/uploads\/2025\/02\/20250108_164246-400x300.jpg 400w\" sizes=\"auto, (max-width: 1024px) 100vw, 1024px\" \/><\/figure>\n\n\n\n<figure class=\"wp-block-image size-large\"><img loading=\"lazy\" decoding=\"async\" width=\"1024\" height=\"768\" src=\"https:\/\/naturfreunde-bad-emstal.de\/wp-content\/uploads\/2025\/02\/20250108_164236-1024x768.jpg\" alt=\"\" class=\"wp-image-18010\" srcset=\"https:\/\/naturfreunde-bad-emstal.de\/wp-content\/uploads\/2025\/02\/20250108_164236-1024x768.jpg 1024w, https:\/\/naturfreunde-bad-emstal.de\/wp-content\/uploads\/2025\/02\/20250108_164236-300x225.jpg 300w, https:\/\/naturfreunde-bad-emstal.de\/wp-content\/uploads\/2025\/02\/20250108_164236-768x576.jpg 768w, https:\/\/naturfreunde-bad-emstal.de\/wp-content\/uploads\/2025\/02\/20250108_164236-1536x1152.jpg 1536w, https:\/\/naturfreunde-bad-emstal.de\/wp-content\/uploads\/2025\/02\/20250108_164236-2048x1536.jpg 2048w, https:\/\/naturfreunde-bad-emstal.de\/wp-content\/uploads\/2025\/02\/20250108_164236-400x300.jpg 400w\" sizes=\"auto, (max-width: 1024px) 100vw, 1024px\" \/><\/figure>\n\n\n\n<figure class=\"wp-block-image size-large\"><img loading=\"lazy\" decoding=\"async\" width=\"1024\" height=\"768\" src=\"https:\/\/naturfreunde-bad-emstal.de\/wp-content\/uploads\/2025\/02\/20250108_164217-1024x768.jpg\" alt=\"\" class=\"wp-image-18011\" srcset=\"https:\/\/naturfreunde-bad-emstal.de\/wp-content\/uploads\/2025\/02\/20250108_164217-1024x768.jpg 1024w, https:\/\/naturfreunde-bad-emstal.de\/wp-content\/uploads\/2025\/02\/20250108_164217-300x225.jpg 300w, https:\/\/naturfreunde-bad-emstal.de\/wp-content\/uploads\/2025\/02\/20250108_164217-768x576.jpg 768w, https:\/\/naturfreunde-bad-emstal.de\/wp-content\/uploads\/2025\/02\/20250108_164217-1536x1152.jpg 1536w, https:\/\/naturfreunde-bad-emstal.de\/wp-content\/uploads\/2025\/02\/20250108_164217-2048x1536.jpg 2048w, https:\/\/naturfreunde-bad-emstal.de\/wp-content\/uploads\/2025\/02\/20250108_164217-400x300.jpg 400w\" sizes=\"auto, (max-width: 1024px) 100vw, 1024px\" \/><\/figure>\n\n\n\n<figure class=\"wp-block-image size-large\"><img loading=\"lazy\" decoding=\"async\" width=\"1024\" height=\"768\" src=\"https:\/\/naturfreunde-bad-emstal.de\/wp-content\/uploads\/2025\/02\/20250108_155454-1024x768.jpg\" alt=\"\" class=\"wp-image-18012\" srcset=\"https:\/\/naturfreunde-bad-emstal.de\/wp-content\/uploads\/2025\/02\/20250108_155454-1024x768.jpg 1024w, https:\/\/naturfreunde-bad-emstal.de\/wp-content\/uploads\/2025\/02\/20250108_155454-300x225.jpg 300w, https:\/\/naturfreunde-bad-emstal.de\/wp-content\/uploads\/2025\/02\/20250108_155454-768x576.jpg 768w, https:\/\/naturfreunde-bad-emstal.de\/wp-content\/uploads\/2025\/02\/20250108_155454-1536x1152.jpg 1536w, https:\/\/naturfreunde-bad-emstal.de\/wp-content\/uploads\/2025\/02\/20250108_155454-2048x1536.jpg 2048w, https:\/\/naturfreunde-bad-emstal.de\/wp-content\/uploads\/2025\/02\/20250108_155454-400x300.jpg 400w\" sizes=\"auto, (max-width: 1024px) 100vw, 1024px\" \/><\/figure>\n","protected":false},"excerpt":{"rendered":"<p>Die Senior*innengruppe hatte zum Neujahrsempfang eingeladen. Barbara Huske-B\u00f6ttchers (2. Vorsitzende) begr\u00fc\u00dfte die anwesenden G\u00e4ste. Bei H\u00e4ppchen (zubereitet mit Unterst\u00fctzung von Andre Engel \u2013 vielen Dank daf\u00fcr!) und Sekt wurde sich zun\u00e4chst ausgetauscht. Erika Ochse und Erika Auler lasen uns Geschichten zum neuen Jahr. Ein Leseexemplar unseres Erz\u00e4hlcaf\u00e9s \u201ePlauderei\u201c wurde vorgestellt und einige Korrekturen vorgenommen. Zum&#8230; <\/p>\n<div class=\"clear\"><\/div>\n<p><a href=\"https:\/\/naturfreunde-bad-emstal.de\/?p=18008\" class=\"excerpt-read-more\">Read More<\/a><\/p>\n","protected":false},"author":19,"featured_media":18011,"comment_status":"open","ping_status":"open","sticky":false,"template":"","format":"standard","meta":{"ngg_post_thumbnail":0,"footnotes":""},"categories":[63,51,81],"tags":[],"class_list":["post-18008","post","type-post","status-publish","format-standard","has-post-thumbnail","hentry","category-archiv","category-news","category-senioren"],"_links":{"self":[{"href":"https:\/\/naturfreunde-bad-emstal.de\/index.php?rest_route=\/wp\/v2\/posts\/18008","targetHints":{"allow":["GET"]}}],"collection":[{"href":"https:\/\/naturfreunde-bad-emstal.de\/index.php?rest_route=\/wp\/v2\/posts"}],"about":[{"href":"https:\/\/naturfreunde-bad-emstal.de\/index.php?rest_route=\/wp\/v2\/types\/post"}],"author":[{"embeddable":true,"href":"https:\/\/naturfreunde-bad-emstal.de\/index.php?rest_route=\/wp\/v2\/users\/19"}],"replies":[{"embeddable":true,"href":"https:\/\/naturfreunde-bad-emstal.de\/index.php?rest_route=%2Fwp%2Fv2%2Fcomments&post=18008"}],"version-history":[{"count":2,"href":"https:\/\/naturfreunde-bad-emstal.de\/index.php?rest_route=\/wp\/v2\/posts\/18008\/revisions"}],"predecessor-version":[{"id":18014,"href":"https:\/\/naturfreunde-bad-emstal.de\/index.php?rest_route=\/wp\/v2\/posts\/18008\/revisions\/18014"}],"wp:featuredmedia":[{"embeddable":true,"href":"https:\/\/naturfreunde-bad-emstal.de\/index.php?rest_route=\/wp\/v2\/media\/18011"}],"wp:attachment":[{"href":"https:\/\/naturfreunde-bad-emstal.de\/index.php?rest_route=%2Fwp%2Fv2%2Fmedia&parent=18008"}],"wp:term":[{"taxonomy":"category","embeddable":true,"href":"https:\/\/naturfreunde-bad-emstal.de\/index.php?rest_route=%2Fwp%2Fv2%2Fcategories&post=18008"},{"taxonomy":"post_tag","embeddable":true,"href":"https:\/\/naturfreunde-bad-emstal.de\/index.php?rest_route=%2Fwp%2Fv2%2Ftags&post=18008"}],"curies":[{"name":"wp","href":"https:\/\/api.w.org\/{rel}","templated":true}]}}