{"id":18187,"date":"2025-06-18T15:22:54","date_gmt":"2025-06-18T15:22:54","guid":{"rendered":"https:\/\/naturfreunde-bad-emstal.de\/?p=18187"},"modified":"2025-06-18T15:25:15","modified_gmt":"2025-06-18T15:25:15","slug":"waldbaden-am-21-6-2025","status":"publish","type":"post","link":"https:\/\/naturfreunde-bad-emstal.de\/?p=18187","title":{"rendered":"Waldbaden am 21.6.2025"},"content":{"rendered":"\n<figure class=\"wp-block-image size-large\"><img loading=\"lazy\" decoding=\"async\" width=\"724\" height=\"1024\" src=\"https:\/\/naturfreunde-bad-emstal.de\/wp-content\/uploads\/2025\/06\/Waldbaden-002-1-724x1024.jpg\" alt=\"\" class=\"wp-image-18192\" srcset=\"https:\/\/naturfreunde-bad-emstal.de\/wp-content\/uploads\/2025\/06\/Waldbaden-002-1-724x1024.jpg 724w, https:\/\/naturfreunde-bad-emstal.de\/wp-content\/uploads\/2025\/06\/Waldbaden-002-1-212x300.jpg 212w, https:\/\/naturfreunde-bad-emstal.de\/wp-content\/uploads\/2025\/06\/Waldbaden-002-1-768x1086.jpg 768w, https:\/\/naturfreunde-bad-emstal.de\/wp-content\/uploads\/2025\/06\/Waldbaden-002-1-1086x1536.jpg 1086w, https:\/\/naturfreunde-bad-emstal.de\/wp-content\/uploads\/2025\/06\/Waldbaden-002-1.jpg 1131w\" sizes=\"auto, (max-width: 724px) 100vw, 724px\" \/><\/figure>\n\n\n\n<p>Wir treffen uns am Samstag, den 21.06. um 15 Uhr am Wanderparkplatz Wei\u00dfenthalm\u00fchle. Fragen und Anmeldung bitte an&nbsp;<a href=\"mailto:natuerlich.im.wald@posteo.de\" target=\"_blank\" rel=\"noreferrer noopener\">natuerlich.im.wald@posteo.de<\/a> oder per Nachricht an 0157\/34375657<\/p>\n\n\n\n<p>Ich wei\u00df nicht wie realistisch das ist, aber weil der Termin jetzt schon n\u00e4chsten Samstag ist und sich bis jetzt noch niemand angemeldet hat, f\u00e4nd ich es sch\u00f6n, wenn es nochmal eine kurze Rundmail oder einen Newsletter an alle Mitglieder gibt.<\/p>\n\n\n\n<p>Der Text dazu k\u00f6nnte ungef\u00e4hr so lauten:&nbsp;<\/p>\n\n\n\n<p>Liebe Naturfreund:innen,<\/p>\n\n\n\n<p>am 21.06. um 15 Uhr gibt es die Gelgenheit zum Waldbaden. Beim Waldbaden verbringen wir achtsame, absichtslose Zeit in der Natur. Ich gebe dir Raum zum Schlendern, Staunen und Entspannen. Durch einfache Entspannug\u00fcbungen und gef\u00fchrte Meditationen k\u00f6nnen wir gemeinsam die Verbindung zur Natur und zu unseren Wurzeln st\u00e4rken.&nbsp;<\/p>\n\n\n\n<p>Es konnte wissenschaftlich Nachgewiesen werden, dass Waldbaden nicht nur aktiv zur Entspannung und Regeneration beitr\u00e4gt, sondern auch unser Imunsystem st\u00e4rkt, Stresshormone reduziert und unseren Schlaf verbessert.<\/p>\n\n\n\n<p>Also melde dich jetzt an.&nbsp;<\/p>\n\n\n\n<p>Treffpunkt am Wanderparkplatz Wei\u00dfenthalm\u00fchle<\/p>\n\n\n\n<p>Dauer ca. 2,5 Std \/ nur mit Anmeldung \/ Teilnahme kostenfrei &#8211; Spenden sind willkommen<\/p>\n\n\n\n<p>Einzel-, Paar- und Gruppentermine auf Anfrage m\u00f6glich<\/p>\n\n\n<!-- PDF Embedder: Please provide an \"URL\" attribute in your shortcode. -->","protected":false},"excerpt":{"rendered":"<p>Wir treffen uns am Samstag, den 21.06. um 15 Uhr am Wanderparkplatz Wei\u00dfenthalm\u00fchle. Fragen und Anmeldung bitte an&nbsp;natuerlich.im.wald@posteo.de oder per Nachricht an 0157\/34375657 Ich wei\u00df nicht wie realistisch das ist, aber weil der Termin jetzt schon n\u00e4chsten Samstag ist und sich bis jetzt noch niemand angemeldet hat, f\u00e4nd ich es sch\u00f6n, wenn es nochmal eine&#8230; <\/p>\n<div class=\"clear\"><\/div>\n<p><a href=\"https:\/\/naturfreunde-bad-emstal.de\/?p=18187\" class=\"excerpt-read-more\">Read More<\/a><\/p>\n","protected":false},"author":3,"featured_media":18188,"comment_status":"open","ping_status":"open","sticky":false,"template":"","format":"standard","meta":{"ngg_post_thumbnail":0,"footnotes":""},"categories":[51],"tags":[],"class_list":["post-18187","post","type-post","status-publish","format-standard","has-post-thumbnail","hentry","category-news"],"_links":{"self":[{"href":"https:\/\/naturfreunde-bad-emstal.de\/index.php?rest_route=\/wp\/v2\/posts\/18187","targetHints":{"allow":["GET"]}}],"collection":[{"href":"https:\/\/naturfreunde-bad-emstal.de\/index.php?rest_route=\/wp\/v2\/posts"}],"about":[{"href":"https:\/\/naturfreunde-bad-emstal.de\/index.php?rest_route=\/wp\/v2\/types\/post"}],"author":[{"embeddable":true,"href":"https:\/\/naturfreunde-bad-emstal.de\/index.php?rest_route=\/wp\/v2\/users\/3"}],"replies":[{"embeddable":true,"href":"https:\/\/naturfreunde-bad-emstal.de\/index.php?rest_route=%2Fwp%2Fv2%2Fcomments&post=18187"}],"version-history":[{"count":3,"href":"https:\/\/naturfreunde-bad-emstal.de\/index.php?rest_route=\/wp\/v2\/posts\/18187\/revisions"}],"predecessor-version":[{"id":18193,"href":"https:\/\/naturfreunde-bad-emstal.de\/index.php?rest_route=\/wp\/v2\/posts\/18187\/revisions\/18193"}],"wp:featuredmedia":[{"embeddable":true,"href":"https:\/\/naturfreunde-bad-emstal.de\/index.php?rest_route=\/wp\/v2\/media\/18188"}],"wp:attachment":[{"href":"https:\/\/naturfreunde-bad-emstal.de\/index.php?rest_route=%2Fwp%2Fv2%2Fmedia&parent=18187"}],"wp:term":[{"taxonomy":"category","embeddable":true,"href":"https:\/\/naturfreunde-bad-emstal.de\/index.php?rest_route=%2Fwp%2Fv2%2Fcategories&post=18187"},{"taxonomy":"post_tag","embeddable":true,"href":"https:\/\/naturfreunde-bad-emstal.de\/index.php?rest_route=%2Fwp%2Fv2%2Ftags&post=18187"}],"curies":[{"name":"wp","href":"https:\/\/api.w.org\/{rel}","templated":true}]}}