{"id":18198,"date":"2025-06-22T14:05:54","date_gmt":"2025-06-22T14:05:54","guid":{"rendered":"https:\/\/naturfreunde-bad-emstal.de\/?p=18198"},"modified":"2025-06-22T14:05:56","modified_gmt":"2025-06-22T14:05:56","slug":"sonnenwendfeuer-am-laengsten-tag-des-jahres","status":"publish","type":"post","link":"https:\/\/naturfreunde-bad-emstal.de\/?p=18198","title":{"rendered":"Sonnenwendfeuer am l\u00e4ngsten Tag des Jahres"},"content":{"rendered":"\n<p>Bei optimalem Sommerwetter kamen zahlreiche Mitglieder und G\u00e4ste zur Sonnenwendfeier zum NaturFreundehaus.<\/p>\n\n\n\n<p>W\u00fcrstchen, Waffeln und gesponserter Schokokuchen sorgten f\u00fcrs leibliche Wohl und satt sa\u00df man dann mit k\u00fchlen Getr\u00e4nken an der Feuerstelle zusammen.<\/p>\n\n\n\n<p>Begleitet wurde es von Rudi und Matze&nbsp; , die mit ihren Gitarren bekannte Hits spielten.<\/p>\n\n\n\n<p>Sch\u00f6n, dass es immer Menschen gibt, die diese Tradition aufrechthalten.<\/p>\n\n\n\n<figure class=\"wp-block-image size-large\"><img loading=\"lazy\" decoding=\"async\" width=\"1024\" height=\"768\" src=\"https:\/\/naturfreunde-bad-emstal.de\/wp-content\/uploads\/2025\/06\/20250621_220550-1024x768.jpg\" alt=\"\" class=\"wp-image-18197\" srcset=\"https:\/\/naturfreunde-bad-emstal.de\/wp-content\/uploads\/2025\/06\/20250621_220550-1024x768.jpg 1024w, https:\/\/naturfreunde-bad-emstal.de\/wp-content\/uploads\/2025\/06\/20250621_220550-300x225.jpg 300w, https:\/\/naturfreunde-bad-emstal.de\/wp-content\/uploads\/2025\/06\/20250621_220550-768x576.jpg 768w, https:\/\/naturfreunde-bad-emstal.de\/wp-content\/uploads\/2025\/06\/20250621_220550-1536x1152.jpg 1536w, https:\/\/naturfreunde-bad-emstal.de\/wp-content\/uploads\/2025\/06\/20250621_220550-2048x1536.jpg 2048w, https:\/\/naturfreunde-bad-emstal.de\/wp-content\/uploads\/2025\/06\/20250621_220550-400x300.jpg 400w\" sizes=\"auto, (max-width: 1024px) 100vw, 1024px\" \/><\/figure>\n\n\n\n<figure class=\"wp-block-image size-large\"><img loading=\"lazy\" decoding=\"async\" width=\"1024\" height=\"768\" src=\"https:\/\/naturfreunde-bad-emstal.de\/wp-content\/uploads\/2025\/06\/20250621_213959-1024x768.jpg\" alt=\"\" class=\"wp-image-18196\" srcset=\"https:\/\/naturfreunde-bad-emstal.de\/wp-content\/uploads\/2025\/06\/20250621_213959-1024x768.jpg 1024w, https:\/\/naturfreunde-bad-emstal.de\/wp-content\/uploads\/2025\/06\/20250621_213959-300x225.jpg 300w, https:\/\/naturfreunde-bad-emstal.de\/wp-content\/uploads\/2025\/06\/20250621_213959-768x576.jpg 768w, https:\/\/naturfreunde-bad-emstal.de\/wp-content\/uploads\/2025\/06\/20250621_213959-1536x1152.jpg 1536w, https:\/\/naturfreunde-bad-emstal.de\/wp-content\/uploads\/2025\/06\/20250621_213959-2048x1536.jpg 2048w, https:\/\/naturfreunde-bad-emstal.de\/wp-content\/uploads\/2025\/06\/20250621_213959-400x300.jpg 400w\" sizes=\"auto, (max-width: 1024px) 100vw, 1024px\" \/><\/figure>\n\n\n\n<figure class=\"wp-block-image size-large\"><img loading=\"lazy\" decoding=\"async\" width=\"768\" height=\"1024\" src=\"https:\/\/naturfreunde-bad-emstal.de\/wp-content\/uploads\/2025\/06\/20250621_195750-768x1024.jpg\" alt=\"\" class=\"wp-image-18195\" srcset=\"https:\/\/naturfreunde-bad-emstal.de\/wp-content\/uploads\/2025\/06\/20250621_195750-768x1024.jpg 768w, https:\/\/naturfreunde-bad-emstal.de\/wp-content\/uploads\/2025\/06\/20250621_195750-225x300.jpg 225w, https:\/\/naturfreunde-bad-emstal.de\/wp-content\/uploads\/2025\/06\/20250621_195750-1152x1536.jpg 1152w, https:\/\/naturfreunde-bad-emstal.de\/wp-content\/uploads\/2025\/06\/20250621_195750-1536x2048.jpg 1536w, https:\/\/naturfreunde-bad-emstal.de\/wp-content\/uploads\/2025\/06\/20250621_195750-scaled.jpg 1920w\" sizes=\"auto, (max-width: 768px) 100vw, 768px\" \/><\/figure>\n\n\n\n<figure class=\"wp-block-image size-large\"><img loading=\"lazy\" decoding=\"async\" width=\"1024\" height=\"768\" src=\"https:\/\/naturfreunde-bad-emstal.de\/wp-content\/uploads\/2025\/06\/20250621_195707-1024x768.jpg\" alt=\"\" class=\"wp-image-18194\" srcset=\"https:\/\/naturfreunde-bad-emstal.de\/wp-content\/uploads\/2025\/06\/20250621_195707-1024x768.jpg 1024w, https:\/\/naturfreunde-bad-emstal.de\/wp-content\/uploads\/2025\/06\/20250621_195707-300x225.jpg 300w, https:\/\/naturfreunde-bad-emstal.de\/wp-content\/uploads\/2025\/06\/20250621_195707-768x576.jpg 768w, https:\/\/naturfreunde-bad-emstal.de\/wp-content\/uploads\/2025\/06\/20250621_195707-1536x1152.jpg 1536w, https:\/\/naturfreunde-bad-emstal.de\/wp-content\/uploads\/2025\/06\/20250621_195707-2048x1536.jpg 2048w, https:\/\/naturfreunde-bad-emstal.de\/wp-content\/uploads\/2025\/06\/20250621_195707-400x300.jpg 400w\" sizes=\"auto, (max-width: 1024px) 100vw, 1024px\" \/><\/figure>\n","protected":false},"excerpt":{"rendered":"<p>Bei optimalem Sommerwetter kamen zahlreiche Mitglieder und G\u00e4ste zur Sonnenwendfeier zum NaturFreundehaus. W\u00fcrstchen, Waffeln und gesponserter Schokokuchen sorgten f\u00fcrs leibliche Wohl und satt sa\u00df man dann mit k\u00fchlen Getr\u00e4nken an der Feuerstelle zusammen. Begleitet wurde es von Rudi und Matze&nbsp; , die mit ihren Gitarren bekannte Hits spielten. Sch\u00f6n, dass es immer Menschen gibt, die&#8230; <\/p>\n<div class=\"clear\"><\/div>\n<p><a href=\"https:\/\/naturfreunde-bad-emstal.de\/?p=18198\" class=\"excerpt-read-more\">Read More<\/a><\/p>\n","protected":false},"author":8,"featured_media":18197,"comment_status":"open","ping_status":"open","sticky":false,"template":"","format":"standard","meta":{"ngg_post_thumbnail":0,"footnotes":""},"categories":[63,51],"tags":[],"class_list":["post-18198","post","type-post","status-publish","format-standard","has-post-thumbnail","hentry","category-archiv","category-news"],"_links":{"self":[{"href":"https:\/\/naturfreunde-bad-emstal.de\/index.php?rest_route=\/wp\/v2\/posts\/18198","targetHints":{"allow":["GET"]}}],"collection":[{"href":"https:\/\/naturfreunde-bad-emstal.de\/index.php?rest_route=\/wp\/v2\/posts"}],"about":[{"href":"https:\/\/naturfreunde-bad-emstal.de\/index.php?rest_route=\/wp\/v2\/types\/post"}],"author":[{"embeddable":true,"href":"https:\/\/naturfreunde-bad-emstal.de\/index.php?rest_route=\/wp\/v2\/users\/8"}],"replies":[{"embeddable":true,"href":"https:\/\/naturfreunde-bad-emstal.de\/index.php?rest_route=%2Fwp%2Fv2%2Fcomments&post=18198"}],"version-history":[{"count":2,"href":"https:\/\/naturfreunde-bad-emstal.de\/index.php?rest_route=\/wp\/v2\/posts\/18198\/revisions"}],"predecessor-version":[{"id":18200,"href":"https:\/\/naturfreunde-bad-emstal.de\/index.php?rest_route=\/wp\/v2\/posts\/18198\/revisions\/18200"}],"wp:featuredmedia":[{"embeddable":true,"href":"https:\/\/naturfreunde-bad-emstal.de\/index.php?rest_route=\/wp\/v2\/media\/18197"}],"wp:attachment":[{"href":"https:\/\/naturfreunde-bad-emstal.de\/index.php?rest_route=%2Fwp%2Fv2%2Fmedia&parent=18198"}],"wp:term":[{"taxonomy":"category","embeddable":true,"href":"https:\/\/naturfreunde-bad-emstal.de\/index.php?rest_route=%2Fwp%2Fv2%2Fcategories&post=18198"},{"taxonomy":"post_tag","embeddable":true,"href":"https:\/\/naturfreunde-bad-emstal.de\/index.php?rest_route=%2Fwp%2Fv2%2Ftags&post=18198"}],"curies":[{"name":"wp","href":"https:\/\/api.w.org\/{rel}","templated":true}]}}