{"id":18244,"date":"2025-10-03T10:58:27","date_gmt":"2025-10-03T10:58:27","guid":{"rendered":"https:\/\/naturfreunde-bad-emstal.de\/?p=18244"},"modified":"2025-10-03T11:01:39","modified_gmt":"2025-10-03T11:01:39","slug":"oktoberfest-2025-bei-den-senioren","status":"publish","type":"post","link":"https:\/\/naturfreunde-bad-emstal.de\/?p=18244","title":{"rendered":"Oktoberfest\u00a0 2025 bei den Senioren"},"content":{"rendered":"\n<p>Es war wieder soweit: das traditionelle Oktoberfest bei den Senioren. Im liebevoll geschm\u00fcckten Ambiente empfingen die beiden Organisatoren Ursel Engel und Petra Gerlach die Senioren der Naturfreunde<\/p>\n\n\n\n<p>und G\u00e4ste des ASB Hauses sowie aus Balhorn. Geladene&nbsp; G\u00e4ste waren B\u00fcrgermeister Daniel Rudenko und Pfarrerin Tabea Schmitt, sowie die 2. Vorsitzende Barbara Huske- B\u00f6ttchers.<\/p>\n\n\n\n<p>Zum Auftakt und w\u00e4hrend des Nachmittags spielten Leif Keilmann mit der Konzertina und Petra mit der Teufelsgeige&nbsp; einige&nbsp; bekannte Melodien.&nbsp;<\/p>\n\n\n\n<p>Ursel gab nach ihrer Begr\u00fc\u00dfung einen kurzen Abri\u00df \u00fcber die Geschichte der NaturFreunde in Bad Emstal und er\u00f6ffnete den Oktoberschmaus mit Leberk\u00e4se und Wei\u00dfwurst zu Sauerkraut und Brezen.<\/p>\n\n\n\n<p>Anschlie\u00dfend berichtete sie noch \u00fcber die Entstehung und interessante Entwicklung der Seniorengruppe, die in diesem Jahr 20 Jahre besteht. Das verdient einen gro\u00dfes Dankesch\u00f6n an Ursel, sie hatte die Seniorengruppe 2005 ins Leben gerufen und wird seit 3 Jahren von Petra Gerlach tatkr\u00e4ftig unterst\u00fctzt. Anschlie\u00dfend verteilte sie bemalte K\u00fcrbisse an die zahlreichen Damen und Herren, die im September Geburtstag hatten.&nbsp;<\/p>\n\n\n\n<p>Der Nachmittag ist dann mit Schnuddeln und Geselligkeit langsam zuende gegangen.<\/p>\n\n\n\n<p>Ein Dank f\u00fcr diese gelungene Veranstaltung geht an die Familie Engel, die sich um die Verpflegung und das gesamte Catering gek\u00fcmmert haben sowie an die Gemeinde, die wieder mit dem B\u00fcrgerbus das Zusammenkommen aller Beteiligten&nbsp; in dieser Form erm\u00f6glicht hat. Und nat\u00fcrlich an die beiden Organisatorinnen Ursel und Petra.<\/p>\n\n\n\n<figure class=\"wp-block-video\"><video height=\"1280\" style=\"aspect-ratio: 720 \/ 1280;\" width=\"720\" controls src=\"https:\/\/naturfreunde-bad-emstal.de\/wp-content\/uploads\/2025\/10\/signal-2025-10-02-180839.mp4\"><\/video><\/figure>\n\n\n\n<p><\/p>\n\n\n\n<figure class=\"wp-block-image size-large\"><img loading=\"lazy\" decoding=\"async\" width=\"768\" height=\"1024\" src=\"https:\/\/naturfreunde-bad-emstal.de\/wp-content\/uploads\/2025\/10\/20251001_185007-768x1024.jpg\" alt=\"Danke an die Organisatorinnen der monatlich stattfindenden Seniorennachmittage\" class=\"wp-image-18238\" srcset=\"https:\/\/naturfreunde-bad-emstal.de\/wp-content\/uploads\/2025\/10\/20251001_185007-768x1024.jpg 768w, https:\/\/naturfreunde-bad-emstal.de\/wp-content\/uploads\/2025\/10\/20251001_185007-225x300.jpg 225w, https:\/\/naturfreunde-bad-emstal.de\/wp-content\/uploads\/2025\/10\/20251001_185007-1152x1536.jpg 1152w, https:\/\/naturfreunde-bad-emstal.de\/wp-content\/uploads\/2025\/10\/20251001_185007-1536x2048.jpg 1536w, https:\/\/naturfreunde-bad-emstal.de\/wp-content\/uploads\/2025\/10\/20251001_185007-scaled.jpg 1920w\" sizes=\"auto, (max-width: 768px) 100vw, 768px\" \/><\/figure>\n\n\n\n<p>Danke an die Organisatorinnen der monatlich stattfindenden Seniorennachmittage<\/p>\n\n\n\n<figure class=\"wp-block-image size-large\"><img loading=\"lazy\" decoding=\"async\" width=\"1024\" height=\"768\" src=\"https:\/\/naturfreunde-bad-emstal.de\/wp-content\/uploads\/2025\/10\/20251001_175743-1-1024x768.jpg\" alt=\"\" class=\"wp-image-18243\" srcset=\"https:\/\/naturfreunde-bad-emstal.de\/wp-content\/uploads\/2025\/10\/20251001_175743-1-1024x768.jpg 1024w, https:\/\/naturfreunde-bad-emstal.de\/wp-content\/uploads\/2025\/10\/20251001_175743-1-300x225.jpg 300w, https:\/\/naturfreunde-bad-emstal.de\/wp-content\/uploads\/2025\/10\/20251001_175743-1-768x576.jpg 768w, https:\/\/naturfreunde-bad-emstal.de\/wp-content\/uploads\/2025\/10\/20251001_175743-1-1536x1152.jpg 1536w, https:\/\/naturfreunde-bad-emstal.de\/wp-content\/uploads\/2025\/10\/20251001_175743-1-2048x1536.jpg 2048w, https:\/\/naturfreunde-bad-emstal.de\/wp-content\/uploads\/2025\/10\/20251001_175743-1-400x300.jpg 400w\" sizes=\"auto, (max-width: 1024px) 100vw, 1024px\" \/><\/figure>\n\n\n\n<figure class=\"wp-block-image size-large\"><img loading=\"lazy\" decoding=\"async\" width=\"1024\" height=\"768\" src=\"https:\/\/naturfreunde-bad-emstal.de\/wp-content\/uploads\/2025\/10\/20251001_175736-1-1024x768.jpg\" alt=\"\" class=\"wp-image-18242\" srcset=\"https:\/\/naturfreunde-bad-emstal.de\/wp-content\/uploads\/2025\/10\/20251001_175736-1-1024x768.jpg 1024w, https:\/\/naturfreunde-bad-emstal.de\/wp-content\/uploads\/2025\/10\/20251001_175736-1-300x225.jpg 300w, https:\/\/naturfreunde-bad-emstal.de\/wp-content\/uploads\/2025\/10\/20251001_175736-1-768x576.jpg 768w, https:\/\/naturfreunde-bad-emstal.de\/wp-content\/uploads\/2025\/10\/20251001_175736-1-1536x1152.jpg 1536w, https:\/\/naturfreunde-bad-emstal.de\/wp-content\/uploads\/2025\/10\/20251001_175736-1-2048x1536.jpg 2048w, https:\/\/naturfreunde-bad-emstal.de\/wp-content\/uploads\/2025\/10\/20251001_175736-1-400x300.jpg 400w\" sizes=\"auto, (max-width: 1024px) 100vw, 1024px\" \/><\/figure>\n\n\n\n<figure class=\"wp-block-image size-large\"><img loading=\"lazy\" decoding=\"async\" width=\"1024\" height=\"768\" src=\"https:\/\/naturfreunde-bad-emstal.de\/wp-content\/uploads\/2025\/10\/20251001_175728-1-1024x768.jpg\" alt=\"\" class=\"wp-image-18241\" srcset=\"https:\/\/naturfreunde-bad-emstal.de\/wp-content\/uploads\/2025\/10\/20251001_175728-1-1024x768.jpg 1024w, https:\/\/naturfreunde-bad-emstal.de\/wp-content\/uploads\/2025\/10\/20251001_175728-1-300x225.jpg 300w, https:\/\/naturfreunde-bad-emstal.de\/wp-content\/uploads\/2025\/10\/20251001_175728-1-768x576.jpg 768w, https:\/\/naturfreunde-bad-emstal.de\/wp-content\/uploads\/2025\/10\/20251001_175728-1-1536x1152.jpg 1536w, https:\/\/naturfreunde-bad-emstal.de\/wp-content\/uploads\/2025\/10\/20251001_175728-1-2048x1536.jpg 2048w, https:\/\/naturfreunde-bad-emstal.de\/wp-content\/uploads\/2025\/10\/20251001_175728-1-400x300.jpg 400w\" sizes=\"auto, (max-width: 1024px) 100vw, 1024px\" \/><\/figure>\n\n\n\n<p>Oktoberfest 2025<\/p>\n\n\n\n<figure class=\"wp-block-image size-large\"><img loading=\"lazy\" decoding=\"async\" width=\"1024\" height=\"768\" src=\"https:\/\/naturfreunde-bad-emstal.de\/wp-content\/uploads\/2025\/10\/20251001_172631-1024x768.jpg\" alt=\"\" class=\"wp-image-18237\" srcset=\"https:\/\/naturfreunde-bad-emstal.de\/wp-content\/uploads\/2025\/10\/20251001_172631-1024x768.jpg 1024w, https:\/\/naturfreunde-bad-emstal.de\/wp-content\/uploads\/2025\/10\/20251001_172631-300x225.jpg 300w, https:\/\/naturfreunde-bad-emstal.de\/wp-content\/uploads\/2025\/10\/20251001_172631-768x576.jpg 768w, https:\/\/naturfreunde-bad-emstal.de\/wp-content\/uploads\/2025\/10\/20251001_172631-1536x1152.jpg 1536w, https:\/\/naturfreunde-bad-emstal.de\/wp-content\/uploads\/2025\/10\/20251001_172631-2048x1536.jpg 2048w, https:\/\/naturfreunde-bad-emstal.de\/wp-content\/uploads\/2025\/10\/20251001_172631-400x300.jpg 400w\" sizes=\"auto, (max-width: 1024px) 100vw, 1024px\" \/><\/figure>\n\n\n\n<figure class=\"wp-block-image size-large\"><img loading=\"lazy\" decoding=\"async\" width=\"768\" height=\"1024\" src=\"https:\/\/naturfreunde-bad-emstal.de\/wp-content\/uploads\/2025\/10\/20251001_172414-768x1024.jpg\" alt=\"\" class=\"wp-image-18245\" srcset=\"https:\/\/naturfreunde-bad-emstal.de\/wp-content\/uploads\/2025\/10\/20251001_172414-768x1024.jpg 768w, https:\/\/naturfreunde-bad-emstal.de\/wp-content\/uploads\/2025\/10\/20251001_172414-225x300.jpg 225w, https:\/\/naturfreunde-bad-emstal.de\/wp-content\/uploads\/2025\/10\/20251001_172414-1152x1536.jpg 1152w, https:\/\/naturfreunde-bad-emstal.de\/wp-content\/uploads\/2025\/10\/20251001_172414-1536x2048.jpg 1536w, https:\/\/naturfreunde-bad-emstal.de\/wp-content\/uploads\/2025\/10\/20251001_172414-scaled.jpg 1920w\" sizes=\"auto, (max-width: 768px) 100vw, 768px\" \/><\/figure>\n\n\n\n<p>Herbstliche Gabe f\u00fcr Geburtstage im September, flei\u00dfige Helfer f\u00fcr einen gelungenen\u00a0 Nachmittag<\/p>\n","protected":false},"excerpt":{"rendered":"<p>Es war wieder soweit: das traditionelle Oktoberfest bei den Senioren. Im liebevoll geschm\u00fcckten Ambiente empfingen die beiden Organisatoren Ursel Engel und Petra Gerlach die Senioren der Naturfreunde und G\u00e4ste des ASB Hauses sowie aus Balhorn. Geladene&nbsp; G\u00e4ste waren B\u00fcrgermeister Daniel Rudenko und Pfarrerin Tabea Schmitt, sowie die 2. Vorsitzende Barbara Huske- B\u00f6ttchers. Zum Auftakt und&#8230; <\/p>\n<div class=\"clear\"><\/div>\n<p><a href=\"https:\/\/naturfreunde-bad-emstal.de\/?p=18244\" class=\"excerpt-read-more\">Read More<\/a><\/p>\n","protected":false},"author":8,"featured_media":18238,"comment_status":"open","ping_status":"open","sticky":false,"template":"","format":"standard","meta":{"ngg_post_thumbnail":0,"footnotes":""},"categories":[63,51,81],"tags":[],"class_list":["post-18244","post","type-post","status-publish","format-standard","has-post-thumbnail","hentry","category-archiv","category-news","category-senioren"],"_links":{"self":[{"href":"https:\/\/naturfreunde-bad-emstal.de\/index.php?rest_route=\/wp\/v2\/posts\/18244","targetHints":{"allow":["GET"]}}],"collection":[{"href":"https:\/\/naturfreunde-bad-emstal.de\/index.php?rest_route=\/wp\/v2\/posts"}],"about":[{"href":"https:\/\/naturfreunde-bad-emstal.de\/index.php?rest_route=\/wp\/v2\/types\/post"}],"author":[{"embeddable":true,"href":"https:\/\/naturfreunde-bad-emstal.de\/index.php?rest_route=\/wp\/v2\/users\/8"}],"replies":[{"embeddable":true,"href":"https:\/\/naturfreunde-bad-emstal.de\/index.php?rest_route=%2Fwp%2Fv2%2Fcomments&post=18244"}],"version-history":[{"count":3,"href":"https:\/\/naturfreunde-bad-emstal.de\/index.php?rest_route=\/wp\/v2\/posts\/18244\/revisions"}],"predecessor-version":[{"id":18249,"href":"https:\/\/naturfreunde-bad-emstal.de\/index.php?rest_route=\/wp\/v2\/posts\/18244\/revisions\/18249"}],"wp:featuredmedia":[{"embeddable":true,"href":"https:\/\/naturfreunde-bad-emstal.de\/index.php?rest_route=\/wp\/v2\/media\/18238"}],"wp:attachment":[{"href":"https:\/\/naturfreunde-bad-emstal.de\/index.php?rest_route=%2Fwp%2Fv2%2Fmedia&parent=18244"}],"wp:term":[{"taxonomy":"category","embeddable":true,"href":"https:\/\/naturfreunde-bad-emstal.de\/index.php?rest_route=%2Fwp%2Fv2%2Fcategories&post=18244"},{"taxonomy":"post_tag","embeddable":true,"href":"https:\/\/naturfreunde-bad-emstal.de\/index.php?rest_route=%2Fwp%2Fv2%2Ftags&post=18244"}],"curies":[{"name":"wp","href":"https:\/\/api.w.org\/{rel}","templated":true}]}}