{"id":18254,"date":"2025-11-24T16:33:07","date_gmt":"2025-11-24T16:33:07","guid":{"rendered":"https:\/\/naturfreunde-bad-emstal.de\/?p=18254"},"modified":"2025-11-25T13:26:57","modified_gmt":"2025-11-25T13:26:57","slug":"der-klimawandel-verstehen-und-handeln","status":"publish","type":"post","link":"https:\/\/naturfreunde-bad-emstal.de\/?p=18254","title":{"rendered":"Der Klimawandel \u2013 verstehen und handeln"},"content":{"rendered":"\n<p>Wie funktioniert das Klima, wie h\u00e4lt es sich im Gleichgewicht?<\/p>\n\n\n\n<p>Und was passiert, wenn es gest\u00f6rt wird? Welche Einfl\u00fcsse spielen eine Rolle? Was ist der Treibhauseffekt?<\/p>\n\n\n\n<p>Mit interessanten Experimenten zeigten Walter Brixel und Ralf Diez am Donnerstagabend, 20. November, im Vereinsraum welche Mechanismen das Gef\u00fcge aus dem Gleichgewicht bringen: von Absorption von W\u00e4rmestrahlung durch CO2, den Albedo- Effekt bis zur Versauerung der Meere, was zur W\u00e4rmeabsorption durch CO2 und damit zum Treibhauseffekt f\u00fchrt, der den zentralen Effekt im Klimawandel darstellt.<\/p>\n\n\n\n<p>Kurze Videos, welche die wissenschaftlichen Erkl\u00e4rungen gaben, wurden durch die Experimente aus dem Klimakoffer veranschaulicht. So konnte man die Gegebenheiten des Klimas und die Auswirkungen des CO2 Anstiegs gut nachvollziehen und verstehen. Eindrucksvoll die Darstellung des Kipppunktes: ist er \u00fcberschritten, gibt es kein Zur\u00fcck mehr, egal an welcher Stelle auf der Erde. Bestes Beispiel: das Absterben von riesigen Korallenriffen, die f\u00fcr immer verloren sind und das zahlreiche Artensterben und Verlust von Lebensr\u00e4umen, dadurch Unterbrechung von elementaren Ketten, deren Folgen man noch gar nicht absch\u00e4tzen kann.<\/p>\n\n\n\n<p>Was bedeutet das alles?<\/p>\n\n\n\n<p>Wir m\u00fcssen dringend im Kleinen und Gro\u00dfen daf\u00fcr sorgen, dass der CO2-Anstieg und damit der Temperaturanstieg schnellstm\u00f6glich gebremst werden, damit die Erde noch lebenswert bliebt.<\/p>\n\n\n\n<p>Sollte Interesse bestehen, diesen Vortrag zu wiederholen, sind Walter und Ralf gerne bereit dazu.<\/p>\n\n\n\n<p>Diese Vortragsreihe findet auch in anfragenden Schulen statt, die dieses wichtige Thema in ihre Bildungsarbeit einbauen. Der Klimakoffer und die W\u00e4rmebildkamera konnten mit Spenden der Kreissparkasse Kassel und Raiffeisenbank Wolfhagen angeschafft werden, um so diese wichtige Thematik in die \u00d6ffentlichkeit bringen zu k\u00f6nnen.<\/p>\n\n\n\n<figure class=\"wp-block-image size-large\"><img loading=\"lazy\" decoding=\"async\" width=\"768\" height=\"1024\" src=\"https:\/\/naturfreunde-bad-emstal.de\/wp-content\/uploads\/2025\/11\/20251120_175656-768x1024.jpg\" alt=\"\" class=\"wp-image-18255\" srcset=\"https:\/\/naturfreunde-bad-emstal.de\/wp-content\/uploads\/2025\/11\/20251120_175656-768x1024.jpg 768w, https:\/\/naturfreunde-bad-emstal.de\/wp-content\/uploads\/2025\/11\/20251120_175656-225x300.jpg 225w, https:\/\/naturfreunde-bad-emstal.de\/wp-content\/uploads\/2025\/11\/20251120_175656-1152x1536.jpg 1152w, https:\/\/naturfreunde-bad-emstal.de\/wp-content\/uploads\/2025\/11\/20251120_175656-1536x2048.jpg 1536w, https:\/\/naturfreunde-bad-emstal.de\/wp-content\/uploads\/2025\/11\/20251120_175656-scaled.jpg 1920w\" sizes=\"auto, (max-width: 768px) 100vw, 768px\" \/><\/figure>\n\n\n\n<figure class=\"wp-block-image size-large\"><img loading=\"lazy\" decoding=\"async\" width=\"1024\" height=\"768\" src=\"https:\/\/naturfreunde-bad-emstal.de\/wp-content\/uploads\/2025\/11\/20251120_164834-1024x768.jpg\" alt=\"\" class=\"wp-image-18256\" srcset=\"https:\/\/naturfreunde-bad-emstal.de\/wp-content\/uploads\/2025\/11\/20251120_164834-1024x768.jpg 1024w, https:\/\/naturfreunde-bad-emstal.de\/wp-content\/uploads\/2025\/11\/20251120_164834-300x225.jpg 300w, https:\/\/naturfreunde-bad-emstal.de\/wp-content\/uploads\/2025\/11\/20251120_164834-768x576.jpg 768w, https:\/\/naturfreunde-bad-emstal.de\/wp-content\/uploads\/2025\/11\/20251120_164834-1536x1152.jpg 1536w, https:\/\/naturfreunde-bad-emstal.de\/wp-content\/uploads\/2025\/11\/20251120_164834-2048x1536.jpg 2048w, https:\/\/naturfreunde-bad-emstal.de\/wp-content\/uploads\/2025\/11\/20251120_164834-400x300.jpg 400w\" sizes=\"auto, (max-width: 1024px) 100vw, 1024px\" \/><\/figure>\n\n\n\n<figure class=\"wp-block-image size-large\"><img loading=\"lazy\" decoding=\"async\" width=\"1024\" height=\"768\" src=\"https:\/\/naturfreunde-bad-emstal.de\/wp-content\/uploads\/2025\/11\/20251120_172337-1024x768.jpg\" alt=\"\" class=\"wp-image-18257\" srcset=\"https:\/\/naturfreunde-bad-emstal.de\/wp-content\/uploads\/2025\/11\/20251120_172337-1024x768.jpg 1024w, https:\/\/naturfreunde-bad-emstal.de\/wp-content\/uploads\/2025\/11\/20251120_172337-300x225.jpg 300w, https:\/\/naturfreunde-bad-emstal.de\/wp-content\/uploads\/2025\/11\/20251120_172337-768x576.jpg 768w, https:\/\/naturfreunde-bad-emstal.de\/wp-content\/uploads\/2025\/11\/20251120_172337-1536x1152.jpg 1536w, https:\/\/naturfreunde-bad-emstal.de\/wp-content\/uploads\/2025\/11\/20251120_172337-2048x1536.jpg 2048w, https:\/\/naturfreunde-bad-emstal.de\/wp-content\/uploads\/2025\/11\/20251120_172337-400x300.jpg 400w\" sizes=\"auto, (max-width: 1024px) 100vw, 1024px\" \/><\/figure>\n\n\n\n<figure class=\"wp-block-image size-large\"><img loading=\"lazy\" decoding=\"async\" width=\"1024\" height=\"768\" src=\"https:\/\/naturfreunde-bad-emstal.de\/wp-content\/uploads\/2025\/11\/20251120_170600-1024x768.jpg\" alt=\"\" class=\"wp-image-18258\" srcset=\"https:\/\/naturfreunde-bad-emstal.de\/wp-content\/uploads\/2025\/11\/20251120_170600-1024x768.jpg 1024w, https:\/\/naturfreunde-bad-emstal.de\/wp-content\/uploads\/2025\/11\/20251120_170600-300x225.jpg 300w, https:\/\/naturfreunde-bad-emstal.de\/wp-content\/uploads\/2025\/11\/20251120_170600-768x576.jpg 768w, https:\/\/naturfreunde-bad-emstal.de\/wp-content\/uploads\/2025\/11\/20251120_170600-1536x1152.jpg 1536w, https:\/\/naturfreunde-bad-emstal.de\/wp-content\/uploads\/2025\/11\/20251120_170600-2048x1536.jpg 2048w, https:\/\/naturfreunde-bad-emstal.de\/wp-content\/uploads\/2025\/11\/20251120_170600-400x300.jpg 400w\" sizes=\"auto, (max-width: 1024px) 100vw, 1024px\" \/><\/figure>\n\n\n\n<figure class=\"wp-block-image size-large\"><img loading=\"lazy\" decoding=\"async\" width=\"768\" height=\"1024\" src=\"https:\/\/naturfreunde-bad-emstal.de\/wp-content\/uploads\/2025\/11\/20251120_165703-768x1024.jpg\" alt=\"\" class=\"wp-image-18259\" srcset=\"https:\/\/naturfreunde-bad-emstal.de\/wp-content\/uploads\/2025\/11\/20251120_165703-768x1024.jpg 768w, https:\/\/naturfreunde-bad-emstal.de\/wp-content\/uploads\/2025\/11\/20251120_165703-225x300.jpg 225w, https:\/\/naturfreunde-bad-emstal.de\/wp-content\/uploads\/2025\/11\/20251120_165703-1152x1536.jpg 1152w, https:\/\/naturfreunde-bad-emstal.de\/wp-content\/uploads\/2025\/11\/20251120_165703-1536x2048.jpg 1536w, https:\/\/naturfreunde-bad-emstal.de\/wp-content\/uploads\/2025\/11\/20251120_165703-scaled.jpg 1920w\" sizes=\"auto, (max-width: 768px) 100vw, 768px\" \/><\/figure>\n","protected":false},"excerpt":{"rendered":"<p>Wie funktioniert das Klima, wie h\u00e4lt es sich im Gleichgewicht? Und was passiert, wenn es gest\u00f6rt wird? Welche Einfl\u00fcsse spielen eine Rolle? Was ist der Treibhauseffekt? Mit interessanten Experimenten zeigten Walter Brixel und Ralf Diez am Donnerstagabend, 20. November, im Vereinsraum welche Mechanismen das Gef\u00fcge aus dem Gleichgewicht bringen: von Absorption von W\u00e4rmestrahlung durch CO2,&#8230; <\/p>\n<div class=\"clear\"><\/div>\n<p><a href=\"https:\/\/naturfreunde-bad-emstal.de\/?p=18254\" class=\"excerpt-read-more\">Read More<\/a><\/p>\n","protected":false},"author":8,"featured_media":18257,"comment_status":"open","ping_status":"open","sticky":false,"template":"","format":"standard","meta":{"ngg_post_thumbnail":0,"footnotes":""},"categories":[63,51,86],"tags":[],"class_list":["post-18254","post","type-post","status-publish","format-standard","has-post-thumbnail","hentry","category-archiv","category-news","category-umweltlabor"],"_links":{"self":[{"href":"https:\/\/naturfreunde-bad-emstal.de\/index.php?rest_route=\/wp\/v2\/posts\/18254","targetHints":{"allow":["GET"]}}],"collection":[{"href":"https:\/\/naturfreunde-bad-emstal.de\/index.php?rest_route=\/wp\/v2\/posts"}],"about":[{"href":"https:\/\/naturfreunde-bad-emstal.de\/index.php?rest_route=\/wp\/v2\/types\/post"}],"author":[{"embeddable":true,"href":"https:\/\/naturfreunde-bad-emstal.de\/index.php?rest_route=\/wp\/v2\/users\/8"}],"replies":[{"embeddable":true,"href":"https:\/\/naturfreunde-bad-emstal.de\/index.php?rest_route=%2Fwp%2Fv2%2Fcomments&post=18254"}],"version-history":[{"count":2,"href":"https:\/\/naturfreunde-bad-emstal.de\/index.php?rest_route=\/wp\/v2\/posts\/18254\/revisions"}],"predecessor-version":[{"id":18261,"href":"https:\/\/naturfreunde-bad-emstal.de\/index.php?rest_route=\/wp\/v2\/posts\/18254\/revisions\/18261"}],"wp:featuredmedia":[{"embeddable":true,"href":"https:\/\/naturfreunde-bad-emstal.de\/index.php?rest_route=\/wp\/v2\/media\/18257"}],"wp:attachment":[{"href":"https:\/\/naturfreunde-bad-emstal.de\/index.php?rest_route=%2Fwp%2Fv2%2Fmedia&parent=18254"}],"wp:term":[{"taxonomy":"category","embeddable":true,"href":"https:\/\/naturfreunde-bad-emstal.de\/index.php?rest_route=%2Fwp%2Fv2%2Fcategories&post=18254"},{"taxonomy":"post_tag","embeddable":true,"href":"https:\/\/naturfreunde-bad-emstal.de\/index.php?rest_route=%2Fwp%2Fv2%2Ftags&post=18254"}],"curies":[{"name":"wp","href":"https:\/\/api.w.org\/{rel}","templated":true}]}}