{"id":18330,"date":"2026-03-26T08:43:58","date_gmt":"2026-03-26T08:43:58","guid":{"rendered":"https:\/\/naturfreunde-bad-emstal.de\/?p=18330"},"modified":"2026-03-27T11:26:29","modified_gmt":"2026-03-27T11:26:29","slug":"premiere-von-hotel-mit-aussicht-begeistert","status":"publish","type":"post","link":"https:\/\/naturfreunde-bad-emstal.de\/?p=18330","title":{"rendered":"Premiere von &#8222;Hotel mit Aussicht&#8220; begeistert"},"content":{"rendered":"\n<p><strong>Polit-Krimi im Naturfreundehaus: Premiere von &#8222;Hotel mit Aussicht&#8220;<br>begeistert<\/strong><\/p>\n\n\n\n<p>Im vollbesetzten Saal des NaturFreundehauses feierte die<br>Theatergruppe der Natur Freundeam vergangenen Sonntag die Premiere ihres zweiten<br>Filmprojekts:&nbsp; &#8222;Hotel mit Aussicht&#8220;.<br>Das Publikum wurde von einer packenden Geschichte \u00fcber Heimat und Macht<br>der Politik gefesselt. Nat\u00fcrlich hat auch eine gute Prise Humor hat<br>nicht gefehlt.<br>Der Film handelt von einem familiengef\u00fchrten Hotel am Abgrund: W\u00e4hrend<br>die Pleite droht, plant die amtierende B\u00fcrgermeisterin bereits den<br>Abriss. Um das Lebenswerk seiner Familie zu retten wagt, der Hotelbesitzer die<br>Flucht nach vorn und kandidiert selbst f\u00fcr die Wahl zum B\u00fcrgermeister.<br>Es folgt ein intensiver Wahlkampf, dessen Ausgang f\u00fcr die Zuschauenden<br>eine gro\u00dfe \u00dcberraschung war.<br>Nach der Vorf\u00fchrung bot ein reichhaltiges Buffett den idealen Rahmen um<br>das Gesehene Revue passieren zu lassen.<br>Die zahlreichen Besucher:innen nutzen die Gelegenheit, um mit der<br>Theatergruppe ins Gespr\u00e4ch zu kommen.<br>Ein rundum gelungener Abend zeigt, wieviel kreatives Potential in der<br>Region steckt.<strong><br><\/strong><\/p>\n\n\n\n<figure class=\"wp-block-image size-large\"><img loading=\"lazy\" decoding=\"async\" width=\"1024\" height=\"768\" src=\"https:\/\/naturfreunde-bad-emstal.de\/wp-content\/uploads\/2026\/03\/20260315_180208-1024x768.jpg\" alt=\"\" class=\"wp-image-18337\" srcset=\"https:\/\/naturfreunde-bad-emstal.de\/wp-content\/uploads\/2026\/03\/20260315_180208-1024x768.jpg 1024w, https:\/\/naturfreunde-bad-emstal.de\/wp-content\/uploads\/2026\/03\/20260315_180208-300x225.jpg 300w, https:\/\/naturfreunde-bad-emstal.de\/wp-content\/uploads\/2026\/03\/20260315_180208-768x576.jpg 768w, https:\/\/naturfreunde-bad-emstal.de\/wp-content\/uploads\/2026\/03\/20260315_180208-1536x1152.jpg 1536w, https:\/\/naturfreunde-bad-emstal.de\/wp-content\/uploads\/2026\/03\/20260315_180208-2048x1536.jpg 2048w, https:\/\/naturfreunde-bad-emstal.de\/wp-content\/uploads\/2026\/03\/20260315_180208-400x300.jpg 400w\" sizes=\"auto, (max-width: 1024px) 100vw, 1024px\" \/><\/figure>\n\n\n\n<figure class=\"wp-block-image size-large\"><img loading=\"lazy\" decoding=\"async\" width=\"768\" height=\"1024\" src=\"https:\/\/naturfreunde-bad-emstal.de\/wp-content\/uploads\/2026\/03\/20260315_180746-768x1024.jpg\" alt=\"\" class=\"wp-image-18338\" srcset=\"https:\/\/naturfreunde-bad-emstal.de\/wp-content\/uploads\/2026\/03\/20260315_180746-768x1024.jpg 768w, https:\/\/naturfreunde-bad-emstal.de\/wp-content\/uploads\/2026\/03\/20260315_180746-225x300.jpg 225w, https:\/\/naturfreunde-bad-emstal.de\/wp-content\/uploads\/2026\/03\/20260315_180746-1152x1536.jpg 1152w, https:\/\/naturfreunde-bad-emstal.de\/wp-content\/uploads\/2026\/03\/20260315_180746-1536x2048.jpg 1536w, https:\/\/naturfreunde-bad-emstal.de\/wp-content\/uploads\/2026\/03\/20260315_180746-scaled.jpg 1920w\" sizes=\"auto, (max-width: 768px) 100vw, 768px\" \/><\/figure>\n\n\n\n<figure class=\"wp-block-image size-large\"><img loading=\"lazy\" decoding=\"async\" width=\"1024\" height=\"768\" src=\"https:\/\/naturfreunde-bad-emstal.de\/wp-content\/uploads\/2026\/03\/20260315_180856-1024x768.jpg\" alt=\"\" class=\"wp-image-18339\" srcset=\"https:\/\/naturfreunde-bad-emstal.de\/wp-content\/uploads\/2026\/03\/20260315_180856-1024x768.jpg 1024w, https:\/\/naturfreunde-bad-emstal.de\/wp-content\/uploads\/2026\/03\/20260315_180856-300x225.jpg 300w, https:\/\/naturfreunde-bad-emstal.de\/wp-content\/uploads\/2026\/03\/20260315_180856-768x576.jpg 768w, https:\/\/naturfreunde-bad-emstal.de\/wp-content\/uploads\/2026\/03\/20260315_180856-1536x1152.jpg 1536w, https:\/\/naturfreunde-bad-emstal.de\/wp-content\/uploads\/2026\/03\/20260315_180856-2048x1536.jpg 2048w, https:\/\/naturfreunde-bad-emstal.de\/wp-content\/uploads\/2026\/03\/20260315_180856-400x300.jpg 400w\" sizes=\"auto, (max-width: 1024px) 100vw, 1024px\" \/><\/figure>\n\n\n\n<figure class=\"wp-block-image size-large\"><img loading=\"lazy\" decoding=\"async\" width=\"768\" height=\"1024\" src=\"https:\/\/naturfreunde-bad-emstal.de\/wp-content\/uploads\/2026\/03\/20260315_171803-768x1024.jpg\" alt=\"\" class=\"wp-image-18341\" srcset=\"https:\/\/naturfreunde-bad-emstal.de\/wp-content\/uploads\/2026\/03\/20260315_171803-768x1024.jpg 768w, https:\/\/naturfreunde-bad-emstal.de\/wp-content\/uploads\/2026\/03\/20260315_171803-225x300.jpg 225w, https:\/\/naturfreunde-bad-emstal.de\/wp-content\/uploads\/2026\/03\/20260315_171803-1152x1536.jpg 1152w, https:\/\/naturfreunde-bad-emstal.de\/wp-content\/uploads\/2026\/03\/20260315_171803-1536x2048.jpg 1536w, https:\/\/naturfreunde-bad-emstal.de\/wp-content\/uploads\/2026\/03\/20260315_171803-scaled.jpg 1920w\" sizes=\"auto, (max-width: 768px) 100vw, 768px\" \/><\/figure>\n\n\n\n<figure class=\"wp-block-image size-large\"><img loading=\"lazy\" decoding=\"async\" width=\"1024\" height=\"768\" src=\"https:\/\/naturfreunde-bad-emstal.de\/wp-content\/uploads\/2026\/03\/20260315_173357-1024x768.jpg\" alt=\"\" class=\"wp-image-18342\" srcset=\"https:\/\/naturfreunde-bad-emstal.de\/wp-content\/uploads\/2026\/03\/20260315_173357-1024x768.jpg 1024w, https:\/\/naturfreunde-bad-emstal.de\/wp-content\/uploads\/2026\/03\/20260315_173357-300x225.jpg 300w, https:\/\/naturfreunde-bad-emstal.de\/wp-content\/uploads\/2026\/03\/20260315_173357-768x576.jpg 768w, https:\/\/naturfreunde-bad-emstal.de\/wp-content\/uploads\/2026\/03\/20260315_173357-1536x1152.jpg 1536w, https:\/\/naturfreunde-bad-emstal.de\/wp-content\/uploads\/2026\/03\/20260315_173357-2048x1536.jpg 2048w, https:\/\/naturfreunde-bad-emstal.de\/wp-content\/uploads\/2026\/03\/20260315_173357-400x300.jpg 400w\" sizes=\"auto, (max-width: 1024px) 100vw, 1024px\" \/><\/figure>\n\n\n\n<figure class=\"wp-block-image size-large\"><img loading=\"lazy\" decoding=\"async\" width=\"1024\" height=\"768\" src=\"https:\/\/naturfreunde-bad-emstal.de\/wp-content\/uploads\/2026\/03\/20260315_173559-1024x768.jpg\" alt=\"\" class=\"wp-image-18343\" srcset=\"https:\/\/naturfreunde-bad-emstal.de\/wp-content\/uploads\/2026\/03\/20260315_173559-1024x768.jpg 1024w, https:\/\/naturfreunde-bad-emstal.de\/wp-content\/uploads\/2026\/03\/20260315_173559-300x225.jpg 300w, https:\/\/naturfreunde-bad-emstal.de\/wp-content\/uploads\/2026\/03\/20260315_173559-768x576.jpg 768w, https:\/\/naturfreunde-bad-emstal.de\/wp-content\/uploads\/2026\/03\/20260315_173559-1536x1152.jpg 1536w, https:\/\/naturfreunde-bad-emstal.de\/wp-content\/uploads\/2026\/03\/20260315_173559-2048x1536.jpg 2048w, https:\/\/naturfreunde-bad-emstal.de\/wp-content\/uploads\/2026\/03\/20260315_173559-400x300.jpg 400w\" sizes=\"auto, (max-width: 1024px) 100vw, 1024px\" \/><\/figure>\n\n\n\n<figure class=\"wp-block-image size-large\"><img loading=\"lazy\" decoding=\"async\" width=\"1024\" height=\"768\" src=\"https:\/\/naturfreunde-bad-emstal.de\/wp-content\/uploads\/2026\/03\/20260315_174927-1024x768.jpg\" alt=\"\" class=\"wp-image-18344\" srcset=\"https:\/\/naturfreunde-bad-emstal.de\/wp-content\/uploads\/2026\/03\/20260315_174927-1024x768.jpg 1024w, https:\/\/naturfreunde-bad-emstal.de\/wp-content\/uploads\/2026\/03\/20260315_174927-300x225.jpg 300w, https:\/\/naturfreunde-bad-emstal.de\/wp-content\/uploads\/2026\/03\/20260315_174927-768x576.jpg 768w, https:\/\/naturfreunde-bad-emstal.de\/wp-content\/uploads\/2026\/03\/20260315_174927-1536x1152.jpg 1536w, https:\/\/naturfreunde-bad-emstal.de\/wp-content\/uploads\/2026\/03\/20260315_174927-2048x1536.jpg 2048w, https:\/\/naturfreunde-bad-emstal.de\/wp-content\/uploads\/2026\/03\/20260315_174927-400x300.jpg 400w\" sizes=\"auto, (max-width: 1024px) 100vw, 1024px\" \/><\/figure>\n\n\n\n<p><\/p>\n\n\n<a href=\"https:\/\/naturfreunde-bad-emstal.de\/wp-content\/uploads\/2026\/03\/index.html.pdf\" class=\"pdfemb-viewer\" style=\"\" data-width=\"max\" data-height=\"max\" data-toolbar=\"bottom\" data-toolbar-fixed=\"off\">index.html<\/a>\n\n\n<p><\/p>\n","protected":false},"excerpt":{"rendered":"<p>Polit-Krimi im Naturfreundehaus: Premiere von &#8222;Hotel mit Aussicht&#8220;begeistert Im vollbesetzten Saal des NaturFreundehauses feierte dieTheatergruppe der Natur Freundeam vergangenen Sonntag die Premiere ihres zweitenFilmprojekts:&nbsp; &#8222;Hotel mit Aussicht&#8220;.Das Publikum wurde von einer packenden Geschichte \u00fcber Heimat und Machtder Politik gefesselt. Nat\u00fcrlich hat auch eine gute Prise Humor hatnicht gefehlt.Der Film handelt von einem familiengef\u00fchrten Hotel am&#8230; <\/p>\n<div class=\"clear\"><\/div>\n<p><a href=\"https:\/\/naturfreunde-bad-emstal.de\/?p=18330\" class=\"excerpt-read-more\">Read More<\/a><\/p>\n","protected":false},"author":23,"featured_media":18332,"comment_status":"open","ping_status":"open","sticky":false,"template":"","format":"standard","meta":{"ngg_post_thumbnail":0,"footnotes":""},"categories":[63,51,96],"tags":[],"class_list":["post-18330","post","type-post","status-publish","format-standard","has-post-thumbnail","hentry","category-archiv","category-news","category-theatergruppe"],"_links":{"self":[{"href":"https:\/\/naturfreunde-bad-emstal.de\/index.php?rest_route=\/wp\/v2\/posts\/18330","targetHints":{"allow":["GET"]}}],"collection":[{"href":"https:\/\/naturfreunde-bad-emstal.de\/index.php?rest_route=\/wp\/v2\/posts"}],"about":[{"href":"https:\/\/naturfreunde-bad-emstal.de\/index.php?rest_route=\/wp\/v2\/types\/post"}],"author":[{"embeddable":true,"href":"https:\/\/naturfreunde-bad-emstal.de\/index.php?rest_route=\/wp\/v2\/users\/23"}],"replies":[{"embeddable":true,"href":"https:\/\/naturfreunde-bad-emstal.de\/index.php?rest_route=%2Fwp%2Fv2%2Fcomments&post=18330"}],"version-history":[{"count":4,"href":"https:\/\/naturfreunde-bad-emstal.de\/index.php?rest_route=\/wp\/v2\/posts\/18330\/revisions"}],"predecessor-version":[{"id":18346,"href":"https:\/\/naturfreunde-bad-emstal.de\/index.php?rest_route=\/wp\/v2\/posts\/18330\/revisions\/18346"}],"wp:featuredmedia":[{"embeddable":true,"href":"https:\/\/naturfreunde-bad-emstal.de\/index.php?rest_route=\/wp\/v2\/media\/18332"}],"wp:attachment":[{"href":"https:\/\/naturfreunde-bad-emstal.de\/index.php?rest_route=%2Fwp%2Fv2%2Fmedia&parent=18330"}],"wp:term":[{"taxonomy":"category","embeddable":true,"href":"https:\/\/naturfreunde-bad-emstal.de\/index.php?rest_route=%2Fwp%2Fv2%2Fcategories&post=18330"},{"taxonomy":"post_tag","embeddable":true,"href":"https:\/\/naturfreunde-bad-emstal.de\/index.php?rest_route=%2Fwp%2Fv2%2Ftags&post=18330"}],"curies":[{"name":"wp","href":"https:\/\/api.w.org\/{rel}","templated":true}]}}